{"id":75987,"date":"2015-10-05T17:34:24","date_gmt":"2015-10-05T20:34:24","guid":{"rendered":"http:\/\/www.redenoticia.com.br\/noticia\/?p=75987"},"modified":"2015-10-05T17:34:24","modified_gmt":"2015-10-05T20:34:24","slug":"projecao-de-queda-da-economia-tem-12a-piora-seguida","status":"publish","type":"post","link":"https:\/\/www.redenoticia.com.br\/noticia\/2015\/projecao-de-queda-da-economia-tem-12a-piora-seguida\/75987","title":{"rendered":"Proje\u00e7\u00e3o de queda da economia tem 12\u00aa piora seguida"},"content":{"rendered":"<p>A <strong><em>economia brasileira<\/em><\/strong> deve encolher 2,85%, este ano, de acordo com a proje\u00e7\u00e3o de institui\u00e7\u00f5es financeiras consultadas pelo Banco Central (BC). Essa foi a 12\u00aa piora consecutiva na estimativa para a queda do Produto Interno Bruto (PIB), soma de todos os bens e servi\u00e7os produzidos no pa\u00eds. Na semana passada, a estimativa estava em 2,8%. No pr\u00f3ximo ano, a retra\u00e7\u00e3o deve ser menor: 1%, a mesma proje\u00e7\u00e3o anterior.<\/p>\n<p>Na avalia\u00e7\u00e3o do mercado financeiro, a produ\u00e7\u00e3o industrial deve ter uma queda de 6,50%, este ano. A estimativa anterior era 6,65% de queda. Para 2016, a proje\u00e7\u00e3o de retra\u00e7\u00e3o passou de 0,60% para 0,29%.<\/p>\n<p>A proje\u00e7\u00e3o para o d\u00f3lar ao final do ano chegou a R$ 4, contra R$ 3,95 previstos na semana passada. Para o fim de 2016, a estimativa para a cota\u00e7\u00e3o do d\u00f3lar tamb\u00e9m \u00e9 R$ 4.<\/p>\n<p>As estimativas para a infla\u00e7\u00e3o tamb\u00e9m pioraram. A estimativa do mercado financeiro para o \u00cdndice Nacional de Pre\u00e7os ao Consumidor Amplo (IPCA) subiu pela terceira vez seguida, ao passar de 9,46% para 9,53%, este ano. Para 2016, no nono ajuste seguido, a proje\u00e7\u00e3o passou de 5,87% para 5,94%.<\/p>\n<p>As proje\u00e7\u00f5es para a infla\u00e7\u00e3o est\u00e3o acima do centro da meta, 4,5%. E no caso de 2015, a estimativa supera tamb\u00e9m o teto da meta, 6,5%. Para tentar levar a infla\u00e7\u00e3o ao centro da meta em 2016, o Comit\u00ea de Pol\u00edtica Monet\u00e1ria (Copom) elevou a taxa b\u00e1sica de juros, a Selic, por sete vezes consecutivas. Na reuni\u00e3o de setembro, o Copom optou por manter a Selic em 14,25% ao ano.<\/p>\n<p>A taxa \u00e9 usada nas negocia\u00e7\u00f5es de t\u00edtulos p\u00fablicos no Sistema Especial de Liquida\u00e7\u00e3o e Cust\u00f3dia (Selic) e serve como refer\u00eancia para as demais taxas de juros da economia. Ao reajust\u00e1-la para cima, o BC cont\u00e9m o excesso de demanda que pressiona os pre\u00e7os, porque os juros mais altos encarecem o cr\u00e9dito e estimulam a poupan\u00e7a. Ao manter a Selic, o comit\u00ea indica que ajustes anteriores foram suficientes para produzir efeitos na economia.<\/p>\n<p>A pesquisa do BC tamb\u00e9m traz a proje\u00e7\u00e3o para a infla\u00e7\u00e3o medida pelo \u00cdndice Geral de Pre\u00e7os \u2013 Disponibilidade Interna (IGP-DI), que passou de 8,26% para 8,42%, este ano. Para o \u00cdndice Geral de Pre\u00e7os &#8211; Mercado (IGP-M), a estimativa subiu de 7,88% para 8,34%, em 2015. A estimativa para o \u00cdndice de Pre\u00e7os ao Consumidor da Funda\u00e7\u00e3o Instituto de Pesquisas Econ\u00f4micas (IPC-Fipe) passou de 9,46% para 9,66%, este ano.<\/p>\n<p>A proje\u00e7\u00e3o para a alta dos pre\u00e7os administrados passou de 15,50% para 15,55%, este ano, e de 5,92% para 6%, em 2016.<\/p>\n<p>Kelly Oliveira \u2013 Rep\u00f3rter da Ag\u00eancia Brasil<br \/>\nEdi\u00e7\u00e3o: Jos\u00e9 Romildo<\/p>\n","protected":false},"excerpt":{"rendered":"<p>A economia brasileira deve encolher 2,85%, este ano, de acordo com a proje\u00e7\u00e3o de institui\u00e7\u00f5es financeiras consultadas pelo Banco Central (BC). Essa foi a 12\u00aa piora consecutiva na estimativa para a queda do Produto Interno Bruto (PIB), soma de todos os bens e servi\u00e7os produzidos no pa\u00eds. Na semana passada, a estimativa estava em 2,8%. [&hellip;]<\/p>\n","protected":false},"author":2,"featured_media":57585,"comment_status":"open","ping_status":"closed","sticky":false,"template":"","format":"standard","meta":{"_genesis_hide_title":false,"_genesis_hide_breadcrumbs":false,"_genesis_hide_singular_image":false,"_genesis_hide_footer_widgets":false,"_genesis_custom_body_class":"","_genesis_custom_post_class":"","_genesis_layout":"","_jetpack_memberships_contains_paid_content":false,"footnotes":""},"categories":[22,7],"tags":[],"class_list":{"0":"post-75987","1":"post","2":"type-post","3":"status-publish","4":"format-standard","5":"has-post-thumbnail","7":"category-brasil","8":"category-economia","9":"entry","10":"gs-1","11":"gs-odd","12":"gs-even","13":"gs-featured-content-entry"},"jetpack_featured_media_url":"https:\/\/www.redenoticia.com.br\/noticia\/imagens\/analise-economia.jpg","jetpack_sharing_enabled":true,"jetpack_likes_enabled":true,"_links":{"self":[{"href":"https:\/\/www.redenoticia.com.br\/noticia\/wp-json\/wp\/v2\/posts\/75987","targetHints":{"allow":["GET"]}}],"collection":[{"href":"https:\/\/www.redenoticia.com.br\/noticia\/wp-json\/wp\/v2\/posts"}],"about":[{"href":"https:\/\/www.redenoticia.com.br\/noticia\/wp-json\/wp\/v2\/types\/post"}],"author":[{"embeddable":true,"href":"https:\/\/www.redenoticia.com.br\/noticia\/wp-json\/wp\/v2\/users\/2"}],"replies":[{"embeddable":true,"href":"https:\/\/www.redenoticia.com.br\/noticia\/wp-json\/wp\/v2\/comments?post=75987"}],"version-history":[{"count":0,"href":"https:\/\/www.redenoticia.com.br\/noticia\/wp-json\/wp\/v2\/posts\/75987\/revisions"}],"wp:featuredmedia":[{"embeddable":true,"href":"https:\/\/www.redenoticia.com.br\/noticia\/wp-json\/wp\/v2\/media\/57585"}],"wp:attachment":[{"href":"https:\/\/www.redenoticia.com.br\/noticia\/wp-json\/wp\/v2\/media?parent=75987"}],"wp:term":[{"taxonomy":"category","embeddable":true,"href":"https:\/\/www.redenoticia.com.br\/noticia\/wp-json\/wp\/v2\/categories?post=75987"},{"taxonomy":"post_tag","embeddable":true,"href":"https:\/\/www.redenoticia.com.br\/noticia\/wp-json\/wp\/v2\/tags?post=75987"}],"curies":[{"name":"wp","href":"https:\/\/api.w.org\/{rel}","templated":true}]}}