{"id":75985,"date":"2015-10-05T17:32:21","date_gmt":"2015-10-05T20:32:21","guid":{"rendered":"http:\/\/www.redenoticia.com.br\/noticia\/?p=75985"},"modified":"2015-10-05T17:32:21","modified_gmt":"2015-10-05T20:32:21","slug":"eua-japao-e-mais-10-paises-assinam-acordo-historico-de-livre-comercio","status":"publish","type":"post","link":"https:\/\/www.redenoticia.com.br\/noticia\/2015\/eua-japao-e-mais-10-paises-assinam-acordo-historico-de-livre-comercio\/75985","title":{"rendered":"EUA, Jap\u00e3o e mais 10 pa\u00edses assinam acordo hist\u00f3rico de livre com\u00e9rcio"},"content":{"rendered":"<p>Ap\u00f3s quase cinco anos de negocia\u00e7\u00e3o, Austr\u00e1lia, Brunei, Canad\u00e1, Chile, Jap\u00e3o, Mal\u00e1sia, M\u00e9xico, Nova Zel\u00e2ndia, Peru, Singapura, Estados Unidos e Vietn\u00e3 anunciaram o chamado <strong><em>Tratado Transpac\u00edfico de Com\u00e9rcio Livre<\/em><\/strong> (TPP, sigla em ingl\u00eas). O acordo j\u00e1 \u00e9 considerado o maior tratado de livre com\u00e9rcio celebrado na hist\u00f3ria mundial e re\u00fane 40% das riquezas do mundo.<\/p>\n<p>A imprensa norte-americana informou, inicialmente, que o acordo havia sido celebrado por meio de uma fonte da \u00e1rea econ\u00f4mica do governo, mas a assinatura do documento foi confirmada pelo primeiro-ministro japon\u00eas, Shinzo Abe.<\/p>\n<p>Na pr\u00e1tica, quando o tratado entrar em vigor, os pa\u00edses ir\u00e3o eliminar tarifas de comercializa\u00e7\u00e3o de bens e servi\u00e7os.<\/p>\n<p>A assinatura do acordo \u00e9 considerada a maior conquista econ\u00f4mica da gest\u00e3o do presidente Barack Obama. Ap\u00f3s a confirma\u00e7\u00e3o do assinatura, ele afirmou que o tratado representa \u201cvalores americanos&#8221; e disse que as empresas norte-americanas ser\u00e3o beneficiadas, porque poder\u00e3o vender mais produtos e servi\u00e7os para o mundo.<\/p>\n<p>A negocia\u00e7\u00e3o do acordo foi feita de maneira discreta e bastante criticada, porque outros blocos econ\u00f4micos consideram o TPP uma amea\u00e7a \u00e0s economias regionais e ainda a algumas multinacionais e grupos de interesse como empresas automobil\u00edsticas e empresas do agroneg\u00f3cio.<\/p>\n<p>Paraque o tratado entre em vigor, os Congressos dos pa\u00edses signat\u00e1rios precisam autorizar a transa\u00e7\u00e3o. O Congresso dos Estados Unidos, por exemplo, hoje de maioria republicana, deve ratificar as regras do acordo para que o TPP entrer em vigor no pa\u00eds.<\/p>\n<p>Leandra Felipe \u2013 Correspondente da Ag\u00eancia Brasil\/EBC<br \/>\nEdi\u00e7\u00e3o: N\u00e1dia Franco<\/p>\n","protected":false},"excerpt":{"rendered":"<p>Ap\u00f3s quase cinco anos de negocia\u00e7\u00e3o, Austr\u00e1lia, Brunei, Canad\u00e1, Chile, Jap\u00e3o, Mal\u00e1sia, M\u00e9xico, Nova Zel\u00e2ndia, Peru, Singapura, Estados Unidos e Vietn\u00e3 anunciaram o chamado Tratado Transpac\u00edfico de Com\u00e9rcio Livre (TPP, sigla em ingl\u00eas). O acordo j\u00e1 \u00e9 considerado o maior tratado de livre com\u00e9rcio celebrado na hist\u00f3ria mundial e re\u00fane 40% das riquezas do mundo. [&hellip;]<\/p>\n","protected":false},"author":2,"featured_media":57583,"comment_status":"open","ping_status":"closed","sticky":false,"template":"","format":"standard","meta":{"_genesis_hide_title":false,"_genesis_hide_breadcrumbs":false,"_genesis_hide_singular_image":false,"_genesis_hide_footer_widgets":false,"_genesis_custom_body_class":"","_genesis_custom_post_class":"","_genesis_layout":"","_jetpack_memberships_contains_paid_content":false,"footnotes":""},"categories":[22,7],"tags":[],"class_list":{"0":"post-75985","1":"post","2":"type-post","3":"status-publish","4":"format-standard","5":"has-post-thumbnail","7":"category-brasil","8":"category-economia","9":"entry","10":"gs-1","11":"gs-odd","12":"gs-even","13":"gs-featured-content-entry"},"jetpack_featured_media_url":"https:\/\/www.redenoticia.com.br\/noticia\/imagens\/economia-grafico.jpg","jetpack_sharing_enabled":true,"jetpack_likes_enabled":true,"_links":{"self":[{"href":"https:\/\/www.redenoticia.com.br\/noticia\/wp-json\/wp\/v2\/posts\/75985","targetHints":{"allow":["GET"]}}],"collection":[{"href":"https:\/\/www.redenoticia.com.br\/noticia\/wp-json\/wp\/v2\/posts"}],"about":[{"href":"https:\/\/www.redenoticia.com.br\/noticia\/wp-json\/wp\/v2\/types\/post"}],"author":[{"embeddable":true,"href":"https:\/\/www.redenoticia.com.br\/noticia\/wp-json\/wp\/v2\/users\/2"}],"replies":[{"embeddable":true,"href":"https:\/\/www.redenoticia.com.br\/noticia\/wp-json\/wp\/v2\/comments?post=75985"}],"version-history":[{"count":0,"href":"https:\/\/www.redenoticia.com.br\/noticia\/wp-json\/wp\/v2\/posts\/75985\/revisions"}],"wp:featuredmedia":[{"embeddable":true,"href":"https:\/\/www.redenoticia.com.br\/noticia\/wp-json\/wp\/v2\/media\/57583"}],"wp:attachment":[{"href":"https:\/\/www.redenoticia.com.br\/noticia\/wp-json\/wp\/v2\/media?parent=75985"}],"wp:term":[{"taxonomy":"category","embeddable":true,"href":"https:\/\/www.redenoticia.com.br\/noticia\/wp-json\/wp\/v2\/categories?post=75985"},{"taxonomy":"post_tag","embeddable":true,"href":"https:\/\/www.redenoticia.com.br\/noticia\/wp-json\/wp\/v2\/tags?post=75985"}],"curies":[{"name":"wp","href":"https:\/\/api.w.org\/{rel}","templated":true}]}}