{"id":75983,"date":"2015-10-05T17:31:04","date_gmt":"2015-10-05T20:31:04","guid":{"rendered":"http:\/\/www.redenoticia.com.br\/noticia\/?p=75983"},"modified":"2015-10-05T17:31:04","modified_gmt":"2015-10-05T20:31:04","slug":"mercosul-e-ue-preparam-lista-de-oferta-para-acordo-de-livre-comercio","status":"publish","type":"post","link":"https:\/\/www.redenoticia.com.br\/noticia\/2015\/mercosul-e-ue-preparam-lista-de-oferta-para-acordo-de-livre-comercio\/75983","title":{"rendered":"Mercosul e UE preparam lista de oferta para acordo de livre com\u00e9rcio"},"content":{"rendered":"<p>Com o in\u00edcio do \u00faltimo trimestre de 2015, come\u00e7a a correr o prazo para Mercosul e Uni\u00e3o Europeia (UE) trocarem ofertas para um acordo de <strong><em>livre com\u00e9rcio entre os blocos econ\u00f4micos<\/em><\/strong>. Os tr\u00eas meses finais deste ano s\u00e3o o per\u00edodo agendado com os europeus para a apresenta\u00e7\u00e3o m\u00fatua de listas de produtos que poder\u00e3o ter a tarifa zerada. As delega\u00e7\u00f5es do Mercosul e da UE se reuniram no Paraguai para acertar os \u00faltimos detalhes.<\/p>\n<p>O Minist\u00e9rio das Rela\u00e7\u00f5es Exteriores informou que, agora, caber\u00e1 aos chanceleres e ministros da \u00e1rea econ\u00f4mica do Mercosul avaliar o resultado das reuni\u00f5es em Assun\u00e7\u00e3o e decidir quando a troca ocorrer\u00e1. O ministro do Desenvolvimento, Ind\u00fastria e Com\u00e9rcio Exterior, Armando Monteiro, tem defendido a troca de ofertas ainda em outubro. As negocia\u00e7\u00f5es para um acordo entre Mercosul e Uni\u00e3o Europeia come\u00e7aram no fim da d\u00e9cada de 1990 e, desde ent\u00e3o avan\u00e7am de maneira inconsistente.<\/p>\n<p>Em 2004, chegou a acontecer uma troca de ofertas entre os blocos, que n\u00e3o resultou em acordo. Em 2010, as negocia\u00e7\u00f5es foram retomadas mas a troca de ofertas agendada para 2013 n\u00e3o aconteceu. Segundo o Itamaraty, para serem consideradas satisfat\u00f3rias, \u00e9 esperado que as ofertas desonerem de 85% a 95% do volume do com\u00e9rcio de cada bloco econ\u00f4mico.<\/p>\n<p>Na avalia\u00e7\u00e3o de Ant\u00f4nio Jorge Ramalho, professor do Instituto de Rela\u00e7\u00f5es Internacionais da Universidade de Bras\u00edlia, o acordo entre Mercosul e Uni\u00e3o Europeia \u00e9 positivo e necess\u00e1rio para os pa\u00edses latino-americanos. \u201cDe um lado, voc\u00ea tem necessidade de abrir os mercados para, no m\u00e9dio e longo prazo, reduzir os pre\u00e7os e a press\u00e3o inflacion\u00e1ria nas economias do Mercosul. Do outro, h\u00e1 o interesse em tornar as ind\u00fastrias locais mais competitivas. Dar mais sustentabilidade, no longo prazo, \u00e0s ind\u00fastrias da regi\u00e3o\u201d, afirmou.<\/p>\n<p>Ramalho lembra, no entanto, que o aumento da concorr\u00eancia pode penalizar as empresas que n\u00e3o investem em tecnologia. \u201cAs ind\u00fastrias que n\u00e3o investiram suficientemente em tecnologia v\u00e3o ter que pagar um pre\u00e7o. V\u00e3o ter que, ou sair do mercado, ou dar um salto\u201d, afirmou o professor, que considera o acordo oportuno, em um momento de contra\u00e7\u00e3o da atividade econ\u00f4mica brasileira. \u201cNa situa\u00e7\u00e3o atual, vai ser muito positivo. Isso passa a integrar a estrat\u00e9gia de reativa\u00e7\u00e3o da nossa economia\u201d, disse.<\/p>\n<p>Na vis\u00e3o dele, o Mercosul \u00e9 mais respons\u00e1vel pelo atraso na negocia\u00e7\u00e3o do acordo do que a Uni\u00e3o Europeia. \u201cPor muito tempo, o principal obst\u00e1culo era a Argentina, pelo custo pol\u00edtico que teria no curto prazo. Ela tem dificuldade em estabelecer trocas mais abertas por causa dos seus problemas de competitividade. Mas, do ponto de vista sist\u00eamico, isso \u00e9 necess\u00e1rio para o Mercosul e inclusive para a Argentina\u201d.<\/p>\n<p>Apesar de n\u00e3o conhecer o teor das propostas atuais, Ramalho acredita que esteja havendo entendimento entre os blocos econ\u00f4micos, j\u00e1 que as negocia\u00e7\u00f5es est\u00e3o avan\u00e7ando. \u201cEssas coisas n\u00e3o se fazem isoladas. Eles v\u00e3o sinalizando, \u00e9 um processo de negocia\u00e7\u00f5es. A din\u00e2mica normal \u00e9 que, quando \u00e9 apresentada a proposta, a outra parte j\u00e1 est\u00e1 sabendo [o teor]\u201d, declarou.<\/p>\n<p>Mariana Branco \u2013 Rep\u00f3rter da Ag\u00eancia Brasil<br \/>\nEdi\u00e7\u00e3o: Denise Griesinger<\/p>\n","protected":false},"excerpt":{"rendered":"<p>Com o in\u00edcio do \u00faltimo trimestre de 2015, come\u00e7a a correr o prazo para Mercosul e Uni\u00e3o Europeia (UE) trocarem ofertas para um acordo de livre com\u00e9rcio entre os blocos econ\u00f4micos. Os tr\u00eas meses finais deste ano s\u00e3o o per\u00edodo agendado com os europeus para a apresenta\u00e7\u00e3o m\u00fatua de listas de produtos que poder\u00e3o ter [&hellip;]<\/p>\n","protected":false},"author":2,"featured_media":38938,"comment_status":"open","ping_status":"closed","sticky":false,"template":"","format":"standard","meta":{"_genesis_hide_title":false,"_genesis_hide_breadcrumbs":false,"_genesis_hide_singular_image":false,"_genesis_hide_footer_widgets":false,"_genesis_custom_body_class":"","_genesis_custom_post_class":"","_genesis_layout":"","_jetpack_memberships_contains_paid_content":false,"footnotes":""},"categories":[22,7],"tags":[],"class_list":{"0":"post-75983","1":"post","2":"type-post","3":"status-publish","4":"format-standard","5":"has-post-thumbnail","7":"category-brasil","8":"category-economia","9":"entry","10":"gs-1","11":"gs-odd","12":"gs-even","13":"gs-featured-content-entry"},"jetpack_featured_media_url":"https:\/\/www.redenoticia.com.br\/noticia\/imagens\/economia1.jpg","jetpack_sharing_enabled":true,"jetpack_likes_enabled":true,"_links":{"self":[{"href":"https:\/\/www.redenoticia.com.br\/noticia\/wp-json\/wp\/v2\/posts\/75983","targetHints":{"allow":["GET"]}}],"collection":[{"href":"https:\/\/www.redenoticia.com.br\/noticia\/wp-json\/wp\/v2\/posts"}],"about":[{"href":"https:\/\/www.redenoticia.com.br\/noticia\/wp-json\/wp\/v2\/types\/post"}],"author":[{"embeddable":true,"href":"https:\/\/www.redenoticia.com.br\/noticia\/wp-json\/wp\/v2\/users\/2"}],"replies":[{"embeddable":true,"href":"https:\/\/www.redenoticia.com.br\/noticia\/wp-json\/wp\/v2\/comments?post=75983"}],"version-history":[{"count":0,"href":"https:\/\/www.redenoticia.com.br\/noticia\/wp-json\/wp\/v2\/posts\/75983\/revisions"}],"wp:featuredmedia":[{"embeddable":true,"href":"https:\/\/www.redenoticia.com.br\/noticia\/wp-json\/wp\/v2\/media\/38938"}],"wp:attachment":[{"href":"https:\/\/www.redenoticia.com.br\/noticia\/wp-json\/wp\/v2\/media?parent=75983"}],"wp:term":[{"taxonomy":"category","embeddable":true,"href":"https:\/\/www.redenoticia.com.br\/noticia\/wp-json\/wp\/v2\/categories?post=75983"},{"taxonomy":"post_tag","embeddable":true,"href":"https:\/\/www.redenoticia.com.br\/noticia\/wp-json\/wp\/v2\/tags?post=75983"}],"curies":[{"name":"wp","href":"https:\/\/api.w.org\/{rel}","templated":true}]}}