{"id":75978,"date":"2015-10-05T16:34:48","date_gmt":"2015-10-05T19:34:48","guid":{"rendered":"http:\/\/www.redenoticia.com.br\/noticia\/?p=75978"},"modified":"2015-10-05T16:34:48","modified_gmt":"2015-10-05T19:34:48","slug":"pesquisadores-alertam-para-impactos-da-elevacao-do-nivel-do-mar","status":"publish","type":"post","link":"https:\/\/www.redenoticia.com.br\/noticia\/2015\/pesquisadores-alertam-para-impactos-da-elevacao-do-nivel-do-mar\/75978","title":{"rendered":"Pesquisadores alertam para impactos da eleva\u00e7\u00e3o do n\u00edvel do mar"},"content":{"rendered":"<p>Estudo patrocinado pela Funda\u00e7\u00e3o de Amparo \u00e0 Pesquisa do Estado de S\u00e3o Paulo (Fapesp), feito em parceria entre pesquisadores do Brasil, dos Estados Unidos e da Inglaterra, alerta que, por causa do aquecimento global e de fen\u00f4menos clim\u00e1ticos, o <strong><em>n\u00edvel do mar<\/em><\/strong> na cidade paulista de Santos poder\u00e1 se elevar at\u00e9 30 cent\u00edmetros at\u00e9 2050, trazendo tanto impactos ambientais quanto econ\u00f4micos.<\/p>\n<p>O estudo faz parte de um acordo de coopera\u00e7\u00e3o com o Belmont Forum, grupo formado pelas principais ag\u00eancias financiadoras de projetos de pesquisa sobre mudan\u00e7as ambientais no mundo. Seus resultados foram apresentados \u00e0s autoridades e \u00e0 popula\u00e7\u00e3o de Santos no dia 30 de setembro.<\/p>\n<p>Segundo o chefe de pesquisas do Centro de Monitoramento de Desastres Naturais do Minist\u00e9rio da Ci\u00eancia, Tecnologia e Inova\u00e7\u00e3o, Jos\u00e9 Marengo, que coordena o projeto no Brasi, esta \u00e9 a primeira etapa do projeto, e a segunda fase ser\u00e1 divulgada no dia 1\u00ba de dezembro, com a apresenta\u00e7\u00e3o de propostas de a\u00e7\u00f5es de adapta\u00e7\u00e3o para minimizar os efeitos da eleva\u00e7\u00e3o do mar. \u201cVamos mostrar \u00e0 popula\u00e7\u00e3o e ao governo que as perdas econ\u00f4micas s\u00e3o muito menores quando existem medidas de adapta\u00e7\u00e3o\u201d, disse Marengo.<\/p>\n<p>A mesma metodologia foi aplicada para fazer proje\u00e7\u00f5es de aumento do n\u00edvel do mar e inunda\u00e7\u00f5es nas cidades de Broward, na Fl\u00f3rida, Estados Unidos, e em Selsey, na Inglaterra. O modelo \u00e9 alimentado por informa\u00e7\u00f5es das prefeituras locais, como topografia, destina\u00e7\u00e3o das propriedades, Imposto Sobre a Propriedade Predial e Territorial Urbana (IPTU). De acordo com o estudo, o preju\u00edzo econ\u00f4mico no munic\u00edpio de Santos pode atingir R$ 600 milh\u00f5es at\u00e9 2100. Marengo disse que, em Broward, a perda \u00e9 estimada em torno de US$ 1 bilh\u00e3o no mesmo per\u00edodo.<\/p>\n<p>Ele antecipou que uma das sugest\u00f5es, do ponto de vista da engenharia, \u00e9 refor\u00e7ar muros com a coloca\u00e7\u00e3o de comportas em algumas \u00e1reas do litoral santista. Na parte ambiental, as propostas incluem a recupera\u00e7\u00e3o dos manguezais e o engordamento das praias com a coloca\u00e7\u00e3o de mais areia.<\/p>\n<p>Marengo espera que, no segundo semestre do ano que vem, o estudo j\u00e1 possa abranger outras \u00e1reas do litoral brasileiro, como as cidades do Rio de Janeiro, de Fortaleza e do Recife, mas alertou que tudo vai depender das informa\u00e7\u00f5es que as prefeituras fornecerem. \u201cSe queremos aplicar em outras \u00e1reas costeiras, precisamos que os dados estejam ordenados.\u201d<\/p>\n<p>Para o presidente do conselho da organiza\u00e7\u00e3o n\u00e3o governamental (ONG) Associa\u00e7\u00e3o MarBrasil, Ariel Scheffer, que atua na conserva\u00e7\u00e3o de ecossistemas marinhos no Brasil, cada regi\u00e3o costeira brasileira deve ter estudos pr\u00f3prios sobre a eleva\u00e7\u00e3o do n\u00edvel do mar porque, devido \u00e0s din\u00e2micas oceanogr\u00e1fica e clim\u00e1tica, haver\u00e1 proje\u00e7\u00f5es diferenciadas de crescimento.<\/p>\n<p>Ele ressaltou que as consequ\u00eancias da eleva\u00e7\u00e3o do mar s\u00e3o graves para a biodiversidade brasileira. \u201cQualquer aumento causa um impacto muito grande.\u201d Como bi\u00f3logo, Scheffer disse que a preocupa\u00e7\u00e3o \u00e9 com a supress\u00e3o de habitats e a perda de biodiversidade e de alguns servi\u00e7os ecossist\u00eamicos, como a pesca. Outra preocupa\u00e7\u00e3o \u00e9 a perda de patrim\u00f4nio. A supress\u00e3o de manguezais e restingas, por exemplo, pode gerar perdas materiais importantes, afirmou.<\/p>\n<p>Marengo confirmou que, al\u00e9m dos impactos referentes \u00e0 infraestrutura f\u00edsica, isto \u00e9, aos pr\u00e9dios da orla, o aumento do n\u00edvel do mar pode gerar inunda\u00e7\u00f5es das \u00e1reas litor\u00e2neas. As ressacas podem acabar com a praia, devido \u00e0 eros\u00e3o, e h\u00e1 possibilidade de a \u00e1gua entrar nos pr\u00e9dios. Da\u00ed a necessidade de se instalar sistemas de comportas e prote\u00e7\u00e3o na estrutura f\u00edsica.<\/p>\n<p>Pode ocorrer tamb\u00e9m impacto de ventos mais fortes que levem as ondas do mar mais para dentro e tamb\u00e9m a possibilidade de chuvas mais intensas. \u201cEsse \u00e9 todo um cen\u00e1rio que acompanha a eleva\u00e7\u00e3o do n\u00edvel do mar. O que se espera \u00e9 que, nas pr\u00f3ximas d\u00e9cadas, isso comece a aparecer, podendo, em 2100, passar de um metro [a alta do n\u00edvel do mar]\u201d, alertou Marengo.<\/p>\n<p>Alana Gandra &#8211; Rep\u00f3rter da Ag\u00eancia Brasil<br \/>\nEdi\u00e7\u00e3o: N\u00e1dia Franco<\/p>\n","protected":false},"excerpt":{"rendered":"<p>Estudo patrocinado pela Funda\u00e7\u00e3o de Amparo \u00e0 Pesquisa do Estado de S\u00e3o Paulo (Fapesp), feito em parceria entre pesquisadores do Brasil, dos Estados Unidos e da Inglaterra, alerta que, por causa do aquecimento global e de fen\u00f4menos clim\u00e1ticos, o n\u00edvel do mar na cidade paulista de Santos poder\u00e1 se elevar at\u00e9 30 cent\u00edmetros at\u00e9 2050, [&hellip;]<\/p>\n","protected":false},"author":2,"featured_media":41101,"comment_status":"open","ping_status":"closed","sticky":false,"template":"","format":"standard","meta":{"_genesis_hide_title":false,"_genesis_hide_breadcrumbs":false,"_genesis_hide_singular_image":false,"_genesis_hide_footer_widgets":false,"_genesis_custom_body_class":"","_genesis_custom_post_class":"","_genesis_layout":"","_jetpack_memberships_contains_paid_content":false,"footnotes":""},"categories":[22],"tags":[],"class_list":{"0":"post-75978","1":"post","2":"type-post","3":"status-publish","4":"format-standard","5":"has-post-thumbnail","7":"category-brasil","8":"entry","9":"gs-1","10":"gs-odd","11":"gs-even","12":"gs-featured-content-entry"},"jetpack_featured_media_url":"https:\/\/www.redenoticia.com.br\/noticia\/imagens\/praia-balneario.jpg","jetpack_sharing_enabled":true,"jetpack_likes_enabled":true,"_links":{"self":[{"href":"https:\/\/www.redenoticia.com.br\/noticia\/wp-json\/wp\/v2\/posts\/75978","targetHints":{"allow":["GET"]}}],"collection":[{"href":"https:\/\/www.redenoticia.com.br\/noticia\/wp-json\/wp\/v2\/posts"}],"about":[{"href":"https:\/\/www.redenoticia.com.br\/noticia\/wp-json\/wp\/v2\/types\/post"}],"author":[{"embeddable":true,"href":"https:\/\/www.redenoticia.com.br\/noticia\/wp-json\/wp\/v2\/users\/2"}],"replies":[{"embeddable":true,"href":"https:\/\/www.redenoticia.com.br\/noticia\/wp-json\/wp\/v2\/comments?post=75978"}],"version-history":[{"count":0,"href":"https:\/\/www.redenoticia.com.br\/noticia\/wp-json\/wp\/v2\/posts\/75978\/revisions"}],"wp:featuredmedia":[{"embeddable":true,"href":"https:\/\/www.redenoticia.com.br\/noticia\/wp-json\/wp\/v2\/media\/41101"}],"wp:attachment":[{"href":"https:\/\/www.redenoticia.com.br\/noticia\/wp-json\/wp\/v2\/media?parent=75978"}],"wp:term":[{"taxonomy":"category","embeddable":true,"href":"https:\/\/www.redenoticia.com.br\/noticia\/wp-json\/wp\/v2\/categories?post=75978"},{"taxonomy":"post_tag","embeddable":true,"href":"https:\/\/www.redenoticia.com.br\/noticia\/wp-json\/wp\/v2\/tags?post=75978"}],"curies":[{"name":"wp","href":"https:\/\/api.w.org\/{rel}","templated":true}]}}