{"id":75886,"date":"2015-10-02T15:43:56","date_gmt":"2015-10-02T18:43:56","guid":{"rendered":"http:\/\/www.redenoticia.com.br\/noticia\/?p=75886"},"modified":"2015-10-02T15:43:56","modified_gmt":"2015-10-02T18:43:56","slug":"expectativa-do-consumidor-cai-26-em-setembro","status":"publish","type":"post","link":"https:\/\/www.redenoticia.com.br\/noticia\/2015\/expectativa-do-consumidor-cai-26-em-setembro\/75886","title":{"rendered":"Expectativa do consumidor cai 2,6% em setembro"},"content":{"rendered":"<p> O <strong><em>\u00cdndice Nacional de Expectativa do Consumidor<\/em><\/strong> (Inec) caiu 2,6% em setembro, na compara\u00e7\u00e3o com agosto, informou a Confedera\u00e7\u00e3o Nacional da Ind\u00fastria (CNI). Em setembro, o \u00edndice recuou para 96,3 pontos e est\u00e1 12,2% menor do que o registrado em setembro de 2014.<\/p>\n<p>Segundo a CNI, a queda \u00e9 resultado do aumento do pessimismo dos brasileiros, especialmente em rela\u00e7\u00e3o \u00e0 renda, ao endividamento e \u00e0 situa\u00e7\u00e3o financeira. Mas os consumidores tamb\u00e9m est\u00e3o preocupados com a infla\u00e7\u00e3o e o desemprego.<\/p>\n<p>O indicador de expectativa sobre a renda pessoal caiu 6,4%. Isso significa que aumentou n\u00famero de pessoas que esperam a queda da renda pessoal nos pr\u00f3ximos seis meses. O \u00edndice de expectativa sobre a situa\u00e7\u00e3o financeira recuou 3,7% e o de endividamento diminuiu 1,8% em setembro, na compara\u00e7\u00e3o com agosto.<\/p>\n<p>O indicador de expectativas de compra de maior valor recuou 0,3% em setembro em rela\u00e7\u00e3o a agosto. No mesmo per\u00edodo, a expectativa sobre a infla\u00e7\u00e3o caiu 2,8% e as perspectivas sobre o desemprego recuaram 2,1%. Quanto menor o \u00edndice, maior \u00e9 o n\u00famero de pessoas que esperam o aumento da infla\u00e7\u00e3o e do desemprego.<\/p>\n<p>O Inec \u00e9 feito pela CNI em parceria com o Ibope Intelig\u00eancia. Esta edi\u00e7\u00e3o da pesquisa ouviu 2.002 pessoas em 142 munic\u00edpios entre 18 e 21 de setembro.<\/p>\n<p>Da Ag\u00eancia Brasil<br \/>\nEdi\u00e7\u00e3o: Gra\u00e7a Adjuto<\/p>\n","protected":false},"excerpt":{"rendered":"<p>O \u00cdndice Nacional de Expectativa do Consumidor (Inec) caiu 2,6% em setembro, na compara\u00e7\u00e3o com agosto, informou a Confedera\u00e7\u00e3o Nacional da Ind\u00fastria (CNI). Em setembro, o \u00edndice recuou para 96,3 pontos e est\u00e1 12,2% menor do que o registrado em setembro de 2014. Segundo a CNI, a queda \u00e9 resultado do aumento do pessimismo dos [&hellip;]<\/p>\n","protected":false},"author":2,"featured_media":57584,"comment_status":"open","ping_status":"closed","sticky":false,"template":"","format":"standard","meta":{"_genesis_hide_title":false,"_genesis_hide_breadcrumbs":false,"_genesis_hide_singular_image":false,"_genesis_hide_footer_widgets":false,"_genesis_custom_body_class":"","_genesis_custom_post_class":"","_genesis_layout":"","_jetpack_memberships_contains_paid_content":false,"footnotes":""},"categories":[22,7],"tags":[],"class_list":{"0":"post-75886","1":"post","2":"type-post","3":"status-publish","4":"format-standard","5":"has-post-thumbnail","7":"category-brasil","8":"category-economia","9":"entry","10":"gs-1","11":"gs-odd","12":"gs-even","13":"gs-featured-content-entry"},"jetpack_featured_media_url":"https:\/\/www.redenoticia.com.br\/noticia\/imagens\/economia-grafica-analise-inflacao.jpg","jetpack_sharing_enabled":true,"jetpack_likes_enabled":true,"_links":{"self":[{"href":"https:\/\/www.redenoticia.com.br\/noticia\/wp-json\/wp\/v2\/posts\/75886","targetHints":{"allow":["GET"]}}],"collection":[{"href":"https:\/\/www.redenoticia.com.br\/noticia\/wp-json\/wp\/v2\/posts"}],"about":[{"href":"https:\/\/www.redenoticia.com.br\/noticia\/wp-json\/wp\/v2\/types\/post"}],"author":[{"embeddable":true,"href":"https:\/\/www.redenoticia.com.br\/noticia\/wp-json\/wp\/v2\/users\/2"}],"replies":[{"embeddable":true,"href":"https:\/\/www.redenoticia.com.br\/noticia\/wp-json\/wp\/v2\/comments?post=75886"}],"version-history":[{"count":0,"href":"https:\/\/www.redenoticia.com.br\/noticia\/wp-json\/wp\/v2\/posts\/75886\/revisions"}],"wp:featuredmedia":[{"embeddable":true,"href":"https:\/\/www.redenoticia.com.br\/noticia\/wp-json\/wp\/v2\/media\/57584"}],"wp:attachment":[{"href":"https:\/\/www.redenoticia.com.br\/noticia\/wp-json\/wp\/v2\/media?parent=75886"}],"wp:term":[{"taxonomy":"category","embeddable":true,"href":"https:\/\/www.redenoticia.com.br\/noticia\/wp-json\/wp\/v2\/categories?post=75886"},{"taxonomy":"post_tag","embeddable":true,"href":"https:\/\/www.redenoticia.com.br\/noticia\/wp-json\/wp\/v2\/tags?post=75886"}],"curies":[{"name":"wp","href":"https:\/\/api.w.org\/{rel}","templated":true}]}}