{"id":75884,"date":"2015-10-02T15:42:44","date_gmt":"2015-10-02T18:42:44","guid":{"rendered":"http:\/\/www.redenoticia.com.br\/noticia\/?p=75884"},"modified":"2015-10-02T15:42:44","modified_gmt":"2015-10-02T18:42:44","slug":"producao-industrial-cai-12-em-agosto-diz-ibge","status":"publish","type":"post","link":"https:\/\/www.redenoticia.com.br\/noticia\/2015\/producao-industrial-cai-12-em-agosto-diz-ibge\/75884","title":{"rendered":"Produ\u00e7\u00e3o industrial cai 1,2% em agosto, diz IBGE"},"content":{"rendered":"<p> A <strong><em>produ\u00e7\u00e3o industrial<\/em><\/strong> brasileira caiu 1,2% em agosto, em compara\u00e7\u00e3o a julho, terceiro resultado negativo consecutivo. O parque fabril do pa\u00eds fechou os primeiros oito meses do ano com queda acumulada de 6,9%. A taxa anualizada (\u00faltimos doze meses) teve queda de 5,7%. Os dados relativos \u00e0 Pesquisa Industrial Mensal foram divulgados pelo Instituto Brasileiro de Geografia e Estat\u00edstica (IBGE).<\/p>\n<p>A queda da produ\u00e7\u00e3o industrial reflete retra\u00e7\u00e3o em 14 dos 24 ramos investigados pela pesquisa do IBGE e em tr\u00eas das quatros categorias econ\u00f4micas. Entre os setores, a principal influ\u00eancia negativa foi registrada por ve\u00edculos automotores, reboques e carrocerias, que recuou 9,4%. Tamb\u00e9m houve influ\u00eancia significativa no resultado a queda das atividades de coque, produtos derivados do petr\u00f3leo e biocombust\u00edveis (-1,6%), produtos de metal (-3%), metalurgia (-1,3%), artefatos de couro, artigos para viagem e cal\u00e7ados (-3,6%) e m\u00e1quinas, aparelhos e materiais el\u00e9tricos (-2,5%).<\/p>\n<p>Em contrapartida, entre os nove ramos que ampliaram a produ\u00e7\u00e3o nesse m\u00eas, o desempenho de maior import\u00e2ncia para a m\u00e9dia global foi assinalado por produtos aliment\u00edcios, que avan\u00e7ou 2,4%. Tamb\u00e9m houve impactos positivos importantes fos setores de bebidas (4,3%), de ind\u00fastrias extrativas (0,6%) e de produtos de madeira (5,1%).<\/p>\n<p>J\u00e1 entre as grandes categorias econ\u00f4micas, ainda na compara\u00e7\u00e3o com o m\u00eas imediatamente anterior, as redu\u00e7\u00f5es mais acentuadas foram registradas em bens de capital, com recuo de 7,6%; e bens de consumo dur\u00e1veis, com queda de 4%. No primeiro caso, a principal influencia veio da menor produ\u00e7\u00e3o de caminh\u00f5es; e, no segundo caso, de autom\u00f3veis e eletrodom\u00e9sticos, ainda afetadas pela concess\u00e3o de f\u00e9rias coletivas em v\u00e1rias unidades produtivas.<\/p>\n<p>Nielmar de Oliveira \u2013 Rep\u00f3rter da Ag\u00eancia Brasil<br \/>\nEdi\u00e7\u00e3o: Jos\u00e9 Romildo<\/p>\n","protected":false},"excerpt":{"rendered":"<p>A produ\u00e7\u00e3o industrial brasileira caiu 1,2% em agosto, em compara\u00e7\u00e3o a julho, terceiro resultado negativo consecutivo. O parque fabril do pa\u00eds fechou os primeiros oito meses do ano com queda acumulada de 6,9%. A taxa anualizada (\u00faltimos doze meses) teve queda de 5,7%. Os dados relativos \u00e0 Pesquisa Industrial Mensal foram divulgados pelo Instituto Brasileiro [&hellip;]<\/p>\n","protected":false},"author":2,"featured_media":38938,"comment_status":"open","ping_status":"closed","sticky":false,"template":"","format":"standard","meta":{"_genesis_hide_title":false,"_genesis_hide_breadcrumbs":false,"_genesis_hide_singular_image":false,"_genesis_hide_footer_widgets":false,"_genesis_custom_body_class":"","_genesis_custom_post_class":"","_genesis_layout":"","_jetpack_memberships_contains_paid_content":false,"footnotes":""},"categories":[22,7],"tags":[],"class_list":{"0":"post-75884","1":"post","2":"type-post","3":"status-publish","4":"format-standard","5":"has-post-thumbnail","7":"category-brasil","8":"category-economia","9":"entry","10":"gs-1","11":"gs-odd","12":"gs-even","13":"gs-featured-content-entry"},"jetpack_featured_media_url":"https:\/\/www.redenoticia.com.br\/noticia\/imagens\/economia1.jpg","jetpack_sharing_enabled":true,"jetpack_likes_enabled":true,"_links":{"self":[{"href":"https:\/\/www.redenoticia.com.br\/noticia\/wp-json\/wp\/v2\/posts\/75884","targetHints":{"allow":["GET"]}}],"collection":[{"href":"https:\/\/www.redenoticia.com.br\/noticia\/wp-json\/wp\/v2\/posts"}],"about":[{"href":"https:\/\/www.redenoticia.com.br\/noticia\/wp-json\/wp\/v2\/types\/post"}],"author":[{"embeddable":true,"href":"https:\/\/www.redenoticia.com.br\/noticia\/wp-json\/wp\/v2\/users\/2"}],"replies":[{"embeddable":true,"href":"https:\/\/www.redenoticia.com.br\/noticia\/wp-json\/wp\/v2\/comments?post=75884"}],"version-history":[{"count":0,"href":"https:\/\/www.redenoticia.com.br\/noticia\/wp-json\/wp\/v2\/posts\/75884\/revisions"}],"wp:featuredmedia":[{"embeddable":true,"href":"https:\/\/www.redenoticia.com.br\/noticia\/wp-json\/wp\/v2\/media\/38938"}],"wp:attachment":[{"href":"https:\/\/www.redenoticia.com.br\/noticia\/wp-json\/wp\/v2\/media?parent=75884"}],"wp:term":[{"taxonomy":"category","embeddable":true,"href":"https:\/\/www.redenoticia.com.br\/noticia\/wp-json\/wp\/v2\/categories?post=75884"},{"taxonomy":"post_tag","embeddable":true,"href":"https:\/\/www.redenoticia.com.br\/noticia\/wp-json\/wp\/v2\/tags?post=75884"}],"curies":[{"name":"wp","href":"https:\/\/api.w.org\/{rel}","templated":true}]}}