{"id":75882,"date":"2015-10-02T15:40:28","date_gmt":"2015-10-02T18:40:28","guid":{"rendered":"http:\/\/www.redenoticia.com.br\/noticia\/?p=75882"},"modified":"2015-10-02T15:40:28","modified_gmt":"2015-10-02T18:40:28","slug":"bc-muda-horario-de-registro-de-cambio-pelas-instituicoes-financeiras","status":"publish","type":"post","link":"https:\/\/www.redenoticia.com.br\/noticia\/2015\/bc-muda-horario-de-registro-de-cambio-pelas-instituicoes-financeiras\/75882","title":{"rendered":"BC muda hor\u00e1rio de registro de c\u00e2mbio pelas institui\u00e7\u00f5es financeiras"},"content":{"rendered":"<p> O Banco Central (BC) alterou o hor\u00e1rio para <strong><em>registro de c\u00e2mbio nos mercados<\/em><\/strong>. A Circular determina a altera\u00e7\u00e3o de registros no Sistema C\u00e2mbio, que faz a troca de mensagens entre as institui\u00e7\u00f5es financeiras e o BC.<\/p>\n<p>De acordo com a circular, o registro de eventos de c\u00e2mbio no mercado prim\u00e1rio ter\u00e1 abertura \u00e0s 7h e fechamento \u00e0s 19h. Anteriormente, a abertura era \u00e0s 9h.<\/p>\n<p>As consultas e os servi\u00e7os dispon\u00edveis no Sistema C\u00e2mbio ter\u00e3o abertura \u00e0s 7h e fechamento \u00e0s 21h. Anteriormente, o hor\u00e1rio de abertura era \u00e0s 8h. A abertura do registro dos eventos de c\u00e2mbio no mercado interbanc\u00e1rio, exceto os de arbitragens, mudou de 9h para 7h. O fechamento continua \u00e0s 17h.<\/p>\n<p>O registro dos demais eventos de c\u00e2mbio no mercado interbanc\u00e1rio, inclusive os de contrata\u00e7\u00e3o de arbitragens, ter\u00e3o abertura \u00e0s 7h e fechamento \u00e0s 19h. Anteriormente, o hor\u00e1rio era a partir das 9h.<\/p>\n<p>De acordo com o BC, as mudan\u00e7as s\u00e3o apenas operacionais e atendem a um pedido das instiui\u00e7\u00f5es devido \u00e0s diferen\u00e7as de fuso hor\u00e1rio. A ideia \u00e9 casar os hor\u00e1rios de funcionamento com o de mercados, como o europeu, por exemplo.<\/p>\n<p>Kelly Oliveira &#8211; Rep\u00f3rter da Ag\u00eancia Brasil<br \/>\nEdi\u00e7\u00e3o: Jos\u00e9 Romildo<\/p>\n","protected":false},"excerpt":{"rendered":"<p>O Banco Central (BC) alterou o hor\u00e1rio para registro de c\u00e2mbio nos mercados. A Circular determina a altera\u00e7\u00e3o de registros no Sistema C\u00e2mbio, que faz a troca de mensagens entre as institui\u00e7\u00f5es financeiras e o BC. De acordo com a circular, o registro de eventos de c\u00e2mbio no mercado prim\u00e1rio ter\u00e1 abertura \u00e0s 7h e [&hellip;]<\/p>\n","protected":false},"author":2,"featured_media":57583,"comment_status":"open","ping_status":"closed","sticky":false,"template":"","format":"standard","meta":{"_genesis_hide_title":false,"_genesis_hide_breadcrumbs":false,"_genesis_hide_singular_image":false,"_genesis_hide_footer_widgets":false,"_genesis_custom_body_class":"","_genesis_custom_post_class":"","_genesis_layout":"","_jetpack_memberships_contains_paid_content":false,"footnotes":""},"categories":[22,7],"tags":[],"class_list":{"0":"post-75882","1":"post","2":"type-post","3":"status-publish","4":"format-standard","5":"has-post-thumbnail","7":"category-brasil","8":"category-economia","9":"entry","10":"gs-1","11":"gs-odd","12":"gs-even","13":"gs-featured-content-entry"},"jetpack_featured_media_url":"https:\/\/www.redenoticia.com.br\/noticia\/imagens\/economia-grafico.jpg","jetpack_sharing_enabled":true,"jetpack_likes_enabled":true,"_links":{"self":[{"href":"https:\/\/www.redenoticia.com.br\/noticia\/wp-json\/wp\/v2\/posts\/75882","targetHints":{"allow":["GET"]}}],"collection":[{"href":"https:\/\/www.redenoticia.com.br\/noticia\/wp-json\/wp\/v2\/posts"}],"about":[{"href":"https:\/\/www.redenoticia.com.br\/noticia\/wp-json\/wp\/v2\/types\/post"}],"author":[{"embeddable":true,"href":"https:\/\/www.redenoticia.com.br\/noticia\/wp-json\/wp\/v2\/users\/2"}],"replies":[{"embeddable":true,"href":"https:\/\/www.redenoticia.com.br\/noticia\/wp-json\/wp\/v2\/comments?post=75882"}],"version-history":[{"count":0,"href":"https:\/\/www.redenoticia.com.br\/noticia\/wp-json\/wp\/v2\/posts\/75882\/revisions"}],"wp:featuredmedia":[{"embeddable":true,"href":"https:\/\/www.redenoticia.com.br\/noticia\/wp-json\/wp\/v2\/media\/57583"}],"wp:attachment":[{"href":"https:\/\/www.redenoticia.com.br\/noticia\/wp-json\/wp\/v2\/media?parent=75882"}],"wp:term":[{"taxonomy":"category","embeddable":true,"href":"https:\/\/www.redenoticia.com.br\/noticia\/wp-json\/wp\/v2\/categories?post=75882"},{"taxonomy":"post_tag","embeddable":true,"href":"https:\/\/www.redenoticia.com.br\/noticia\/wp-json\/wp\/v2\/tags?post=75882"}],"curies":[{"name":"wp","href":"https:\/\/api.w.org\/{rel}","templated":true}]}}