{"id":75880,"date":"2015-10-02T15:38:29","date_gmt":"2015-10-02T18:38:29","guid":{"rendered":"http:\/\/www.redenoticia.com.br\/noticia\/?p=75880"},"modified":"2015-10-02T15:38:29","modified_gmt":"2015-10-02T18:38:29","slug":"consumo-de-energia-eletrica-cai-21-em-agosto","status":"publish","type":"post","link":"https:\/\/www.redenoticia.com.br\/noticia\/2015\/consumo-de-energia-eletrica-cai-21-em-agosto\/75880","title":{"rendered":"Consumo de energia el\u00e9trica cai 2,1% em agosto"},"content":{"rendered":"<p> Seguindo a tend\u00eancia dos meses anteriores, agosto registrou <strong><em>queda no consumo de energia el\u00e9trica<\/em><\/strong> para baixa tens\u00e3o. Foram consumidos 37.736 gigawatts-hora (Gwh), 2,1% a menos do que em agosto do ano passado. Segundo a Empresa de Pesquisa Energ\u00e9tica (EPE), o consumo nas resid\u00eancias caiu 1,5% e o dos estabelecimentos de com\u00e9rcio e servi\u00e7os cresceu 0,6%.<\/p>\n<p>A queda no consumo residencial foi mais acentuada na Regi\u00e3o Sul \u2013 5,9%. A regi\u00e3o foi a \u00fanica que registrou queda tamb\u00e9m no consumo comercial (1,1%). O destaque foi o Rio Grande do Sul, com queda de 6,2% no consumo residencial e de 4,4% no comercial.<\/p>\n<p>De acordo com a EPE, os resultados refletem o \u201cmomento adverso da economia\u201d, no qual as fam\u00edlias evitam fazer compras e o com\u00e9rcio adia projetos de expans\u00e3o, al\u00e9m do reajustes da tarifa de eletricidade. O consumo residencial no m\u00eas ficou em 10,286 GWh e o comercial, em 7,032 GWh.<\/p>\n<p>No consumo industrial, que ficou em 14,277 GWh no m\u00eas, houve queda de 5,7%, a sexta redu\u00e7\u00e3o seguida. Na compara\u00e7\u00e3o com julho, houve queda de 0,6%. Segundo a EPE, os motivos s\u00e3o o recuo do N\u00edvel de Utiliza\u00e7\u00e3o da Capacidade Instalada, de 78,2% para 77,7%, e o aumento do n\u00famero de empresas que est\u00e3o com excesso de estoque, que passou de 18,7% em julho para 21,3% em agosto.<\/p>\n<p>Apenas o setor de extra\u00e7\u00e3o de minerais met\u00e1licos teve desempenho positivo, de 8,2%. A ind\u00fastria t\u00eaxtil registrou a maior queda, de 14,3%, seguida do segmento metal\u00fargico, que registrou redu\u00e7\u00e3o de 12,0% no consumo de eletricidade no m\u00eas. A ind\u00fastria automotiva teve recuo de 18,2% nas linhas de montagem, com retra\u00e7\u00e3o de 10,3% no consumo de eletricidade.<\/p>\n<p>O Centro-Oeste teve a maior queda, de 12,2%, e o Norte foi o \u00fanico que aumentou o consumo de eletricidade, com crescimento de 8%.<\/p>\n<p>Da Ag\u00eancia Brasil<br \/>\nEdi\u00e7\u00e3o: N\u00e1dia Franco<\/p>\n","protected":false},"excerpt":{"rendered":"<p>Seguindo a tend\u00eancia dos meses anteriores, agosto registrou queda no consumo de energia el\u00e9trica para baixa tens\u00e3o. Foram consumidos 37.736 gigawatts-hora (Gwh), 2,1% a menos do que em agosto do ano passado. Segundo a Empresa de Pesquisa Energ\u00e9tica (EPE), o consumo nas resid\u00eancias caiu 1,5% e o dos estabelecimentos de com\u00e9rcio e servi\u00e7os cresceu 0,6%. [&hellip;]<\/p>\n","protected":false},"author":2,"featured_media":57585,"comment_status":"open","ping_status":"closed","sticky":false,"template":"","format":"standard","meta":{"_genesis_hide_title":false,"_genesis_hide_breadcrumbs":false,"_genesis_hide_singular_image":false,"_genesis_hide_footer_widgets":false,"_genesis_custom_body_class":"","_genesis_custom_post_class":"","_genesis_layout":"","_jetpack_memberships_contains_paid_content":false,"footnotes":""},"categories":[22,7],"tags":[],"class_list":{"0":"post-75880","1":"post","2":"type-post","3":"status-publish","4":"format-standard","5":"has-post-thumbnail","7":"category-brasil","8":"category-economia","9":"entry","10":"gs-1","11":"gs-odd","12":"gs-even","13":"gs-featured-content-entry"},"jetpack_featured_media_url":"https:\/\/www.redenoticia.com.br\/noticia\/imagens\/analise-economia.jpg","jetpack_sharing_enabled":true,"jetpack_likes_enabled":true,"_links":{"self":[{"href":"https:\/\/www.redenoticia.com.br\/noticia\/wp-json\/wp\/v2\/posts\/75880","targetHints":{"allow":["GET"]}}],"collection":[{"href":"https:\/\/www.redenoticia.com.br\/noticia\/wp-json\/wp\/v2\/posts"}],"about":[{"href":"https:\/\/www.redenoticia.com.br\/noticia\/wp-json\/wp\/v2\/types\/post"}],"author":[{"embeddable":true,"href":"https:\/\/www.redenoticia.com.br\/noticia\/wp-json\/wp\/v2\/users\/2"}],"replies":[{"embeddable":true,"href":"https:\/\/www.redenoticia.com.br\/noticia\/wp-json\/wp\/v2\/comments?post=75880"}],"version-history":[{"count":0,"href":"https:\/\/www.redenoticia.com.br\/noticia\/wp-json\/wp\/v2\/posts\/75880\/revisions"}],"wp:featuredmedia":[{"embeddable":true,"href":"https:\/\/www.redenoticia.com.br\/noticia\/wp-json\/wp\/v2\/media\/57585"}],"wp:attachment":[{"href":"https:\/\/www.redenoticia.com.br\/noticia\/wp-json\/wp\/v2\/media?parent=75880"}],"wp:term":[{"taxonomy":"category","embeddable":true,"href":"https:\/\/www.redenoticia.com.br\/noticia\/wp-json\/wp\/v2\/categories?post=75880"},{"taxonomy":"post_tag","embeddable":true,"href":"https:\/\/www.redenoticia.com.br\/noticia\/wp-json\/wp\/v2\/tags?post=75880"}],"curies":[{"name":"wp","href":"https:\/\/api.w.org\/{rel}","templated":true}]}}