{"id":75827,"date":"2015-10-01T17:10:38","date_gmt":"2015-10-01T20:10:38","guid":{"rendered":"http:\/\/www.redenoticia.com.br\/noticia\/?p=75827"},"modified":"2015-10-01T17:10:38","modified_gmt":"2015-10-01T20:10:38","slug":"inflacao-medida-pela-fgv-chega-a-965-em-um-ano","status":"publish","type":"post","link":"https:\/\/www.redenoticia.com.br\/noticia\/2015\/inflacao-medida-pela-fgv-chega-a-965-em-um-ano\/75827","title":{"rendered":"Infla\u00e7\u00e3o medida pela FGV chega a 9,65% em um ano"},"content":{"rendered":"<p> O \u00cdndice de Pre\u00e7os ao Consumidor Semanal (IPC-S), medido pelo Instituto Brasileiro de Economia (Ibre) da Funda\u00e7\u00e3o Getulio Vargas (FGV), encerrou o m\u00eas de setembro com varia\u00e7\u00e3o de 0,42%. A <strong><em>infla\u00e7\u00e3o<\/em><\/strong> verificada no per\u00edodo foi 0,07 ponto percentual maior do que a apurada na terceira pr\u00e9via do m\u00eas, no \u00faltimo dia 22, e o dobro da taxa registrada no come\u00e7o de setembro. No acumulado do ano, a infla\u00e7\u00e3o calculada pela FGV teve alta de 7,66% e, em 12 meses, 9,65%.<\/p>\n<p>Apesar de a coleta ser semanal, a apura\u00e7\u00e3o das taxas de infla\u00e7\u00e3o leva em conta a m\u00e9dia dos pre\u00e7os coletados nas quatro \u00faltimas semanas at\u00e9 a data de fechamento do c\u00e1lculo. <\/p>\n<p>Cinco dos oito grupos pesquisados apresentaram avan\u00e7os. A maior press\u00e3o inflacion\u00e1ria ocorreu em educa\u00e7\u00e3o, leitura e recrea\u00e7\u00e3o em que o \u00edndice subiu de 0,05% para 0,33%. Essa eleva\u00e7\u00e3o foi provocada, principalmente, pelo reajuste do ingresso em salas de espet\u00e1culo com pre\u00e7os que sa\u00edram de uma oscila\u00e7\u00e3o m\u00e9dia de -0,21% para uma alta de 1,31%.<\/p>\n<p>No grupo alimenta\u00e7\u00e3o, ocorreu aumento de 0,32%, acima da taxa registrada na \u00faltima apura\u00e7\u00e3o, que era 0,23%. Em habita\u00e7\u00e3o, o \u00edndice passou de 0,50% para 0,55%; em transportes, de 0,22% para 0,32% e, em vestu\u00e1rio, de 0,56% para 0,68%.<\/p>\n<p>Nas demais classes de despesas, diminuiu o ritmo de alta. Em sa\u00fade e cuidados pessoais, a taxa baixou de 0,66% para 0,56%. No grupo despesas diversas, a oscila\u00e7\u00e3o passou de 0,19% para 0,14% e, em comunica\u00e7\u00e3o, de 0,29% para 0,22%.<\/p>\n<p>As maiores influ\u00eancias de alta no per\u00edodo vieram dos seguintes itens: g\u00e1s de botij\u00e3o que ficou 8,66% mais caro; refei\u00e7\u00f5es em bares e restaurantes, com eleva\u00e7\u00e3o de 0,61%; tarifa de \u00f4nibus urbano, com alta de 1,19%; plano e seguro de sa\u00fade, com alta de 1%; e batata-inglesa, com alta de 10,22%.<\/p>\n<p>Em sentido oposto, os produtos que tiveram baixa de pre\u00e7os foram: cebola (-22,94%); tomate (-15,67%); mam\u00e3o papaya (-13,20%); cenoura (-11,44%) e leite tipo longa vida (-1,17%).<\/p>\n<p>Marli Moreira \u2013 Rep\u00f3rter da Ag\u00eancia Brasil<br \/>\nEdi\u00e7\u00e3o: Jos\u00e9 Romildo<\/p>\n","protected":false},"excerpt":{"rendered":"<p>O \u00cdndice de Pre\u00e7os ao Consumidor Semanal (IPC-S), medido pelo Instituto Brasileiro de Economia (Ibre) da Funda\u00e7\u00e3o Getulio Vargas (FGV), encerrou o m\u00eas de setembro com varia\u00e7\u00e3o de 0,42%. A infla\u00e7\u00e3o verificada no per\u00edodo foi 0,07 ponto percentual maior do que a apurada na terceira pr\u00e9via do m\u00eas, no \u00faltimo dia 22, e o dobro [&hellip;]<\/p>\n","protected":false},"author":2,"featured_media":34916,"comment_status":"open","ping_status":"closed","sticky":false,"template":"","format":"standard","meta":{"_genesis_hide_title":false,"_genesis_hide_breadcrumbs":false,"_genesis_hide_singular_image":false,"_genesis_hide_footer_widgets":false,"_genesis_custom_body_class":"","_genesis_custom_post_class":"","_genesis_layout":"","_jetpack_memberships_contains_paid_content":false,"footnotes":""},"categories":[22,7],"tags":[],"class_list":{"0":"post-75827","1":"post","2":"type-post","3":"status-publish","4":"format-standard","5":"has-post-thumbnail","7":"category-brasil","8":"category-economia","9":"entry","10":"gs-1","11":"gs-odd","12":"gs-even","13":"gs-featured-content-entry"},"jetpack_featured_media_url":"https:\/\/www.redenoticia.com.br\/noticia\/imagens\/inflacao.jpg","jetpack_sharing_enabled":true,"jetpack_likes_enabled":true,"_links":{"self":[{"href":"https:\/\/www.redenoticia.com.br\/noticia\/wp-json\/wp\/v2\/posts\/75827","targetHints":{"allow":["GET"]}}],"collection":[{"href":"https:\/\/www.redenoticia.com.br\/noticia\/wp-json\/wp\/v2\/posts"}],"about":[{"href":"https:\/\/www.redenoticia.com.br\/noticia\/wp-json\/wp\/v2\/types\/post"}],"author":[{"embeddable":true,"href":"https:\/\/www.redenoticia.com.br\/noticia\/wp-json\/wp\/v2\/users\/2"}],"replies":[{"embeddable":true,"href":"https:\/\/www.redenoticia.com.br\/noticia\/wp-json\/wp\/v2\/comments?post=75827"}],"version-history":[{"count":0,"href":"https:\/\/www.redenoticia.com.br\/noticia\/wp-json\/wp\/v2\/posts\/75827\/revisions"}],"wp:featuredmedia":[{"embeddable":true,"href":"https:\/\/www.redenoticia.com.br\/noticia\/wp-json\/wp\/v2\/media\/34916"}],"wp:attachment":[{"href":"https:\/\/www.redenoticia.com.br\/noticia\/wp-json\/wp\/v2\/media?parent=75827"}],"wp:term":[{"taxonomy":"category","embeddable":true,"href":"https:\/\/www.redenoticia.com.br\/noticia\/wp-json\/wp\/v2\/categories?post=75827"},{"taxonomy":"post_tag","embeddable":true,"href":"https:\/\/www.redenoticia.com.br\/noticia\/wp-json\/wp\/v2\/tags?post=75827"}],"curies":[{"name":"wp","href":"https:\/\/api.w.org\/{rel}","templated":true}]}}