{"id":75825,"date":"2015-10-01T17:09:33","date_gmt":"2015-10-01T20:09:33","guid":{"rendered":"http:\/\/www.redenoticia.com.br\/noticia\/?p=75825"},"modified":"2015-10-01T17:09:33","modified_gmt":"2015-10-01T20:09:33","slug":"queda-do-nivel-de-emprego-na-industria-chega-a-11-em-agosto","status":"publish","type":"post","link":"https:\/\/www.redenoticia.com.br\/noticia\/2015\/queda-do-nivel-de-emprego-na-industria-chega-a-11-em-agosto\/75825","title":{"rendered":"Queda do n\u00edvel de emprego na ind\u00fastria chega a 1,1% em agosto"},"content":{"rendered":"<p> O <strong><em>n\u00edvel do emprego na ind\u00fastria<\/em><\/strong> caiu 1,1% em agosto na compara\u00e7\u00e3o com julho na s\u00e9rie livre de influ\u00eancias sazonais, segundo informou a Confedera\u00e7\u00e3o Nacional da Ind\u00fastria (CNI). Essa foi a s\u00e9tima queda consecutiva do indicador. De janeiro a agosto, a queda acumulada do emprego chegou a 5,2% em rela\u00e7\u00e3o ao mesmo per\u00edodo de 2014.<\/p>\n<p>Segundo a CNI, a forte retra\u00e7\u00e3o do emprego \u00e9 resultado da recess\u00e3o na ind\u00fastria que se aprofundou em agosto. Em agosto deste ano, comparado com igual m\u00eas de 2014, o faturamento real da ind\u00fastria caiu 7,2%. Na compara\u00e7\u00e3o com julho, houve alta de 0,7%.<\/p>\n<p>Em agosto, frente a julho, as horas trabalhadas na produ\u00e7\u00e3o recuaram 0,3%, na s\u00e9tima queda seguida. As horas trabalhadas na produ\u00e7\u00e3o ca\u00edram 10,2% em rela\u00e7\u00e3o a agosto do ano passado. A utiliza\u00e7\u00e3o da capacidade instalada caiu 0,8 ponto percentual e ficou em 77,9% em agosto, o menor n\u00edvel da s\u00e9rie hist\u00f3rica iniciada em janeiro de 2013.<\/p>\n<p>Apesar da queda do emprego, a massa real de sal\u00e1rios e o rendimento m\u00e9dio real dos trabalhadores aumentaram em agosto frente a julho, na s\u00e9rie com ajuste sazonal. Nessa base de compara\u00e7\u00e3o, a massa real de sal\u00e1rios, cresceu 0,3%. Mas est\u00e1 7,2% menor que a de agosto de 2014. O rendimento m\u00e9dio subiu 1,1%. Segundo a CNI, esse resultado deve estar associado ao aumento dos gastos incorridos pelas empresas na rescis\u00e3o dos contratos de trabalho.<\/p>\n<p>Da Ag\u00eancia Brasil<br \/>\nEdi\u00e7\u00e3o: Jos\u00e9 Romildo<\/p>\n","protected":false},"excerpt":{"rendered":"<p>O n\u00edvel do emprego na ind\u00fastria caiu 1,1% em agosto na compara\u00e7\u00e3o com julho na s\u00e9rie livre de influ\u00eancias sazonais, segundo informou a Confedera\u00e7\u00e3o Nacional da Ind\u00fastria (CNI). Essa foi a s\u00e9tima queda consecutiva do indicador. De janeiro a agosto, a queda acumulada do emprego chegou a 5,2% em rela\u00e7\u00e3o ao mesmo per\u00edodo de 2014. [&hellip;]<\/p>\n","protected":false},"author":2,"featured_media":57585,"comment_status":"open","ping_status":"closed","sticky":false,"template":"","format":"standard","meta":{"_genesis_hide_title":false,"_genesis_hide_breadcrumbs":false,"_genesis_hide_singular_image":false,"_genesis_hide_footer_widgets":false,"_genesis_custom_body_class":"","_genesis_custom_post_class":"","_genesis_layout":"","_jetpack_memberships_contains_paid_content":false,"footnotes":""},"categories":[22,7],"tags":[],"class_list":{"0":"post-75825","1":"post","2":"type-post","3":"status-publish","4":"format-standard","5":"has-post-thumbnail","7":"category-brasil","8":"category-economia","9":"entry","10":"gs-1","11":"gs-odd","12":"gs-even","13":"gs-featured-content-entry"},"jetpack_featured_media_url":"https:\/\/www.redenoticia.com.br\/noticia\/imagens\/analise-economia.jpg","jetpack_sharing_enabled":true,"jetpack_likes_enabled":true,"_links":{"self":[{"href":"https:\/\/www.redenoticia.com.br\/noticia\/wp-json\/wp\/v2\/posts\/75825","targetHints":{"allow":["GET"]}}],"collection":[{"href":"https:\/\/www.redenoticia.com.br\/noticia\/wp-json\/wp\/v2\/posts"}],"about":[{"href":"https:\/\/www.redenoticia.com.br\/noticia\/wp-json\/wp\/v2\/types\/post"}],"author":[{"embeddable":true,"href":"https:\/\/www.redenoticia.com.br\/noticia\/wp-json\/wp\/v2\/users\/2"}],"replies":[{"embeddable":true,"href":"https:\/\/www.redenoticia.com.br\/noticia\/wp-json\/wp\/v2\/comments?post=75825"}],"version-history":[{"count":0,"href":"https:\/\/www.redenoticia.com.br\/noticia\/wp-json\/wp\/v2\/posts\/75825\/revisions"}],"wp:featuredmedia":[{"embeddable":true,"href":"https:\/\/www.redenoticia.com.br\/noticia\/wp-json\/wp\/v2\/media\/57585"}],"wp:attachment":[{"href":"https:\/\/www.redenoticia.com.br\/noticia\/wp-json\/wp\/v2\/media?parent=75825"}],"wp:term":[{"taxonomy":"category","embeddable":true,"href":"https:\/\/www.redenoticia.com.br\/noticia\/wp-json\/wp\/v2\/categories?post=75825"},{"taxonomy":"post_tag","embeddable":true,"href":"https:\/\/www.redenoticia.com.br\/noticia\/wp-json\/wp\/v2\/tags?post=75825"}],"curies":[{"name":"wp","href":"https:\/\/api.w.org\/{rel}","templated":true}]}}