{"id":75823,"date":"2015-10-01T17:07:38","date_gmt":"2015-10-01T20:07:38","guid":{"rendered":"http:\/\/www.redenoticia.com.br\/noticia\/?p=75823"},"modified":"2015-10-01T17:07:38","modified_gmt":"2015-10-01T20:07:38","slug":"santa-casa-de-sao-paulo-planeja-demitir-15-mil-funcionarios","status":"publish","type":"post","link":"https:\/\/www.redenoticia.com.br\/noticia\/2015\/santa-casa-de-sao-paulo-planeja-demitir-15-mil-funcionarios\/75823","title":{"rendered":"Santa Casa de S\u00e3o Paulo planeja demitir 1,5 mil funcion\u00e1rios"},"content":{"rendered":"<p> A <strong><em>Santa Casa de Miseric\u00f3rdia de S\u00e3o Paulo<\/em><\/strong> admitiu que estuda o desligamento de 1,5 mil funcion\u00e1rios, o equivalente a 12% do quadro de servidores. A institui\u00e7\u00e3o, que enfrenta uma grave crise financeira, ainda n\u00e3o definiu a data para iniciar o plano de demiss\u00f5es.<\/p>\n<p>O Sindicato dos M\u00e9dicos de S\u00e3o Paulo (Simesp) estima que, entre os profissionais, 184 m\u00e9dicos ser\u00e3o demitidos. Segundo o Simesp, o n\u00famero total de desligados dever\u00e1 ser ainda maior que o informado pela Santa Casa, podendo chegar a 2 mil trabalhadores.<\/p>\n<p>Uma assembleia com os m\u00e9dicos vai discutir o pagamento das verbas rescis\u00f3rias. De acordo com o sindicato, a Santa Casa prop\u00f5e que o dinheiro seja pago de forma parcelada e que cada parcela tenha o mesmo valor do sal\u00e1rio, limitado a R$ 10 mil mensais.<\/p>\n<p>O presidente do Simesp, Eder Gatti, disse que a proposta \u00e9 desfavor\u00e1vel aos m\u00e9dicos, que j\u00e1 est\u00e3o com sal\u00e1rio e o 13\u00ba atrasados. \u201cCerca de 500 m\u00e9dicos n\u00e3o receberam o sal\u00e1rio de novembro de 2014 e nenhum recebeu o 13\u00ba sal\u00e1rio, o que deveria ser levado em considera\u00e7\u00e3o. Vale ressaltar que a categoria n\u00e3o quer que a institui\u00e7\u00e3o feche, mas que mantenha a excel\u00eancia nos servi\u00e7os \u00e0 popula\u00e7\u00e3o.\u201d<\/p>\n<p>A Santa Casa informou que ainda conversa com o sindicato e estuda formas para o processo de desligamento dos servidores. \u201cApesar de dif\u00edcil, esta decis\u00e3o \u00e9 crucial para que a Santa Casa de S\u00e3o Paulo continue operacional\u201d, diz nota da institui\u00e7\u00e3o.<\/p>\n<p>Fernanda Cruz \u2013 Rep\u00f3rter da Ag\u00eancia Brasil<br \/>\nEdi\u00e7\u00e3o: N\u00e1dia Franco<\/p>\n","protected":false},"excerpt":{"rendered":"<p>A Santa Casa de Miseric\u00f3rdia de S\u00e3o Paulo admitiu que estuda o desligamento de 1,5 mil funcion\u00e1rios, o equivalente a 12% do quadro de servidores. A institui\u00e7\u00e3o, que enfrenta uma grave crise financeira, ainda n\u00e3o definiu a data para iniciar o plano de demiss\u00f5es. O Sindicato dos M\u00e9dicos de S\u00e3o Paulo (Simesp) estima que, entre [&hellip;]<\/p>\n","protected":false},"author":2,"featured_media":40517,"comment_status":"open","ping_status":"closed","sticky":false,"template":"","format":"standard","meta":{"_genesis_hide_title":false,"_genesis_hide_breadcrumbs":false,"_genesis_hide_singular_image":false,"_genesis_hide_footer_widgets":false,"_genesis_custom_body_class":"","_genesis_custom_post_class":"","_genesis_layout":"","_jetpack_memberships_contains_paid_content":false,"footnotes":""},"categories":[22],"tags":[],"class_list":{"0":"post-75823","1":"post","2":"type-post","3":"status-publish","4":"format-standard","5":"has-post-thumbnail","7":"category-brasil","8":"entry","9":"gs-1","10":"gs-odd","11":"gs-even","12":"gs-featured-content-entry"},"jetpack_featured_media_url":"https:\/\/www.redenoticia.com.br\/noticia\/imagens\/economia-previsao.jpg","jetpack_sharing_enabled":true,"jetpack_likes_enabled":true,"_links":{"self":[{"href":"https:\/\/www.redenoticia.com.br\/noticia\/wp-json\/wp\/v2\/posts\/75823","targetHints":{"allow":["GET"]}}],"collection":[{"href":"https:\/\/www.redenoticia.com.br\/noticia\/wp-json\/wp\/v2\/posts"}],"about":[{"href":"https:\/\/www.redenoticia.com.br\/noticia\/wp-json\/wp\/v2\/types\/post"}],"author":[{"embeddable":true,"href":"https:\/\/www.redenoticia.com.br\/noticia\/wp-json\/wp\/v2\/users\/2"}],"replies":[{"embeddable":true,"href":"https:\/\/www.redenoticia.com.br\/noticia\/wp-json\/wp\/v2\/comments?post=75823"}],"version-history":[{"count":0,"href":"https:\/\/www.redenoticia.com.br\/noticia\/wp-json\/wp\/v2\/posts\/75823\/revisions"}],"wp:featuredmedia":[{"embeddable":true,"href":"https:\/\/www.redenoticia.com.br\/noticia\/wp-json\/wp\/v2\/media\/40517"}],"wp:attachment":[{"href":"https:\/\/www.redenoticia.com.br\/noticia\/wp-json\/wp\/v2\/media?parent=75823"}],"wp:term":[{"taxonomy":"category","embeddable":true,"href":"https:\/\/www.redenoticia.com.br\/noticia\/wp-json\/wp\/v2\/categories?post=75823"},{"taxonomy":"post_tag","embeddable":true,"href":"https:\/\/www.redenoticia.com.br\/noticia\/wp-json\/wp\/v2\/tags?post=75823"}],"curies":[{"name":"wp","href":"https:\/\/api.w.org\/{rel}","templated":true}]}}