{"id":75819,"date":"2015-10-01T17:04:55","date_gmt":"2015-10-01T20:04:55","guid":{"rendered":"http:\/\/www.redenoticia.com.br\/noticia\/?p=75819"},"modified":"2015-10-01T17:04:55","modified_gmt":"2015-10-01T20:04:55","slug":"anac-amplia-prazo-para-envio-de-sugestoes-sobre-regulamentacao-de-drones","status":"publish","type":"post","link":"https:\/\/www.redenoticia.com.br\/noticia\/2015\/anac-amplia-prazo-para-envio-de-sugestoes-sobre-regulamentacao-de-drones\/75819","title":{"rendered":"Anac amplia prazo para envio de sugest\u00f5es sobre regulamenta\u00e7\u00e3o de drones"},"content":{"rendered":"<p> A Ag\u00eancia Nacional de Avia\u00e7\u00e3o Civil (Anac) prorrogou por mais 30 dias o prazo para recebimento de contribui\u00e7\u00f5es sobre a proposta de regulamenta\u00e7\u00e3o de ve\u00edculos a\u00e9reos n\u00e3o tripulados (Vant), mais conhecidos como <strong><em>drones<\/em><\/strong> ou aeronaves remotamente pilotadas (RPA), e de aeromodelos, que s\u00e3o os ve\u00edculos n\u00e3o tripulados usados para recrea\u00e7\u00e3o. Feitas por meio de audi\u00eancias p\u00fablicas, as consultas tinham previs\u00e3o de encerramento no pr\u00f3ximo s\u00e1bado (3). Com a prorroga\u00e7\u00e3o, as contribui\u00e7\u00f5es poder\u00e3o ser enviadas para o e-mail rpas@anac.gov.br at\u00e9 o dia 2 de novembro.<\/p>\n<p>Com a regulamenta\u00e7\u00e3o, a Anac pretende viabilizar opera\u00e7\u00f5es com esse tipo de equipamento sem colocar em risco a seguran\u00e7a das pessoas, bem como minimizar a burocracia e os \u00f4nus administrativos. A idade m\u00ednima para operar os drones \u00e9 18 anos. Tr\u00eas classes de aeronaves est\u00e3o inclu\u00eddas na proposta. A Classe 1 abrange aeronaves com peso superior a 150 quilos, que ter\u00e3o de ser certificadas pela Anac e cadastradas no Registro Aeron\u00e1utico Brasileiro (RAB). Os pilotos dever\u00e3o ter certificado m\u00e9dico aeron\u00e1utico (CMA), licen\u00e7a e habilita\u00e7\u00e3o. Todos os voos dever\u00e3o ser registrados.<\/p>\n<p>A Classe 2 abrange aeronaves com peso entre 25 e 150 quilos, que n\u00e3o precisam ser certificadas, mas os fabricantes precisam observar os requisitos t\u00e9cnicos exigidos e ter o projeto aprovado pela Anac. Al\u00e9m disso, \u00e9 obrigat\u00f3rio o registro no RAB. Os pilotos dever\u00e3o ter CMA, licen\u00e7a e habilita\u00e7\u00e3o e todos os voos, ser registrados.<\/p>\n<p>J\u00e1 a Classe 3 inclui aeronaves de at\u00e9 25 quilos. Caso operem a uma altura de at\u00e9 120 metros (m) acima do n\u00edvel do solo e em linha visada visual, precisar\u00e3o apenas ser cadastradas, dispensando tanto o CMA quanto os registros dos voos. S\u00f3 ser\u00e3o necess\u00e1rias a licen\u00e7a e a habilita\u00e7\u00e3o caso operem a uma altura superior a 120 m. Al\u00e9m disso, as aeronaves s\u00f3 poder\u00e3o ser operadas a uma dist\u00e2ncia m\u00ednima de 30 m das pessoas. De acordo com a Anac, essa dist\u00e2ncia pode ser menor, desde que com a autoriza\u00e7\u00e3o ou com o envolvimento da pessoa na opera\u00e7\u00e3o do equipamento. Em \u00e1reas urbanas e aglomerados rurais, as opera\u00e7\u00f5es ser\u00e3o de no m\u00e1ximo 60 m acima do n\u00edvel do solo.<\/p>\n<p>Em todas as classes de aeronaves ser\u00e1 exigida uma cobertura de seguro para o caso de danos a terceiros. Essa medida, no entanto, n\u00e3o precisa ser seguida por \u00f3rg\u00e3os de seguran\u00e7a p\u00fablica e de defesa civil \u2013 que poder\u00e3o operar em quaisquer \u00e1reas. No caso de aeromodelos, n\u00e3o haver\u00e1 necessidade de idade m\u00ednima, nem de seguro ou de autoriza\u00e7\u00e3o da Anac. Mas a dist\u00e2ncia m\u00ednima de 30 m dever\u00e1 ser observada nos casos em que n\u00e3o haja anu\u00eancia das pessoas.<\/p>\n<p>Pedro Peduzzi \u2013 Rep\u00f3rter da Ag\u00eancia Brasil<br \/>\nEdi\u00e7\u00e3o: N\u00e1dia Franco<\/p>\n","protected":false},"excerpt":{"rendered":"<p>A Ag\u00eancia Nacional de Avia\u00e7\u00e3o Civil (Anac) prorrogou por mais 30 dias o prazo para recebimento de contribui\u00e7\u00f5es sobre a proposta de regulamenta\u00e7\u00e3o de ve\u00edculos a\u00e9reos n\u00e3o tripulados (Vant), mais conhecidos como drones ou aeronaves remotamente pilotadas (RPA), e de aeromodelos, que s\u00e3o os ve\u00edculos n\u00e3o tripulados usados para recrea\u00e7\u00e3o. Feitas por meio de audi\u00eancias [&hellip;]<\/p>\n","protected":false},"author":2,"featured_media":28951,"comment_status":"open","ping_status":"closed","sticky":false,"template":"","format":"standard","meta":{"_genesis_hide_title":false,"_genesis_hide_breadcrumbs":false,"_genesis_hide_singular_image":false,"_genesis_hide_footer_widgets":false,"_genesis_custom_body_class":"","_genesis_custom_post_class":"","_genesis_layout":"","_jetpack_memberships_contains_paid_content":false,"footnotes":""},"categories":[22],"tags":[],"class_list":{"0":"post-75819","1":"post","2":"type-post","3":"status-publish","4":"format-standard","5":"has-post-thumbnail","7":"category-brasil","8":"entry","9":"gs-1","10":"gs-odd","11":"gs-even","12":"gs-featured-content-entry"},"jetpack_featured_media_url":"https:\/\/www.redenoticia.com.br\/noticia\/imagens\/concurso-inscricao-vagas-ate.jpg","jetpack_sharing_enabled":true,"jetpack_likes_enabled":true,"_links":{"self":[{"href":"https:\/\/www.redenoticia.com.br\/noticia\/wp-json\/wp\/v2\/posts\/75819","targetHints":{"allow":["GET"]}}],"collection":[{"href":"https:\/\/www.redenoticia.com.br\/noticia\/wp-json\/wp\/v2\/posts"}],"about":[{"href":"https:\/\/www.redenoticia.com.br\/noticia\/wp-json\/wp\/v2\/types\/post"}],"author":[{"embeddable":true,"href":"https:\/\/www.redenoticia.com.br\/noticia\/wp-json\/wp\/v2\/users\/2"}],"replies":[{"embeddable":true,"href":"https:\/\/www.redenoticia.com.br\/noticia\/wp-json\/wp\/v2\/comments?post=75819"}],"version-history":[{"count":0,"href":"https:\/\/www.redenoticia.com.br\/noticia\/wp-json\/wp\/v2\/posts\/75819\/revisions"}],"wp:featuredmedia":[{"embeddable":true,"href":"https:\/\/www.redenoticia.com.br\/noticia\/wp-json\/wp\/v2\/media\/28951"}],"wp:attachment":[{"href":"https:\/\/www.redenoticia.com.br\/noticia\/wp-json\/wp\/v2\/media?parent=75819"}],"wp:term":[{"taxonomy":"category","embeddable":true,"href":"https:\/\/www.redenoticia.com.br\/noticia\/wp-json\/wp\/v2\/categories?post=75819"},{"taxonomy":"post_tag","embeddable":true,"href":"https:\/\/www.redenoticia.com.br\/noticia\/wp-json\/wp\/v2\/tags?post=75819"}],"curies":[{"name":"wp","href":"https:\/\/api.w.org\/{rel}","templated":true}]}}