{"id":75817,"date":"2015-10-01T16:55:26","date_gmt":"2015-10-01T19:55:26","guid":{"rendered":"http:\/\/www.redenoticia.com.br\/noticia\/?p=75817"},"modified":"2015-10-01T16:55:26","modified_gmt":"2015-10-01T19:55:26","slug":"uso-de-extintor-abc-passa-a-ser-obrigatorio-em-coletivos-e-caminhoes","status":"publish","type":"post","link":"https:\/\/www.redenoticia.com.br\/noticia\/2015\/uso-de-extintor-abc-passa-a-ser-obrigatorio-em-coletivos-e-caminhoes\/75817","title":{"rendered":"Uso de extintor ABC passa a ser obrigat\u00f3rio em coletivos e caminh\u00f5es"},"content":{"rendered":"<p>Segundo determina\u00e7\u00e3o do Conselho Nacional de Tr\u00e2nsito (Contran), caminh\u00f5es, caminh\u00f5es-tratores, ve\u00edculos destinados ao transporte de produtos inflam\u00e1veis, l\u00edquidos e gasosos, micro-\u00f4nibus, \u00f4nibus e todos os ve\u00edculos utilizados no transporte coletivo de passageiros dever\u00e3o obrigatoriamente ser equipados com <strong><em>extintor do tipo ABC<\/em><\/strong>. A regra \u00e9 valida para todo o Brasil.<\/p>\n<p>Condutores que descumprirem as normas estar\u00e3o sujeitos a multa de R$ 127,69 e cinco pontos na Carteira Nacional de Habilita\u00e7\u00e3o (CNH), al\u00e9m de reten\u00e7\u00e3o do ve\u00edculo para regulariza\u00e7\u00e3o.<\/p>\n<p>Tamb\u00e9m \u00e9 infra\u00e7\u00e3o de tr\u00e2nsito, com a mesma penalidade, se o extintor estiver fora do prazo de validade ou com lacre rompido, n\u00e3o tiver selo do Instituto Nacional de Metrologia, Qualidade e Tecnologia (Inmetro) e for transportado fora do lugar indicado. O extintor deve ficar acoplado em um dos bancos dianteiros dos ve\u00edculos, para facilitar o acesso ao equipamento.<\/p>\n<p>O extintor com carga de p\u00f3 ABC \u00e9 eficaz no combate ao fogo que se propaga por materiais s\u00f3lidos e \u00e9 capaz de eliminar chamas causadas por l\u00edquidos inflam\u00e1veis e equipamentos el\u00e9tricos.<\/p>\n<p>Mais seguro, o produto tem prazo de cinco anos e n\u00e3o pode ser reabastecido. Passado o prazo de validade, \u00e9 necess\u00e1rio descartar o equipamento e adquirir um novo.<\/p>\n<p>Uso facultativo<br \/>\nEm autom\u00f3veis, utilit\u00e1rios, camionetas, caminhonetes e triciclos de cabine fechada o uso de extintor n\u00e3o \u00e9 mais obrigat\u00f3rio no Brasil, desde o \u00faltimo dia 18 de setembro, quando foi publicada a resolu\u00e7\u00e3o 556 do Contran.<\/p>\n<p>Embora o uso seja facultativo, os propriet\u00e1rios de autom\u00f3veis, utilit\u00e1rios, camionetas, caminhonetes e triciclos de cabine fechada que optarem pela utiliza\u00e7\u00e3o do extintor de inc\u00eandio dever\u00e3o usar obrigatoriamente o do tipo ABC.<\/p>\n<p>Do Portal do Governo do Estado SP<\/p>\n","protected":false},"excerpt":{"rendered":"<p>Segundo determina\u00e7\u00e3o do Conselho Nacional de Tr\u00e2nsito (Contran), caminh\u00f5es, caminh\u00f5es-tratores, ve\u00edculos destinados ao transporte de produtos inflam\u00e1veis, l\u00edquidos e gasosos, micro-\u00f4nibus, \u00f4nibus e todos os ve\u00edculos utilizados no transporte coletivo de passageiros dever\u00e3o obrigatoriamente ser equipados com extintor do tipo ABC. A regra \u00e9 valida para todo o Brasil. Condutores que descumprirem as normas estar\u00e3o [&hellip;]<\/p>\n","protected":false},"author":2,"featured_media":35207,"comment_status":"open","ping_status":"closed","sticky":false,"template":"","format":"standard","meta":{"_genesis_hide_title":false,"_genesis_hide_breadcrumbs":false,"_genesis_hide_singular_image":false,"_genesis_hide_footer_widgets":false,"_genesis_custom_body_class":"","_genesis_custom_post_class":"","_genesis_layout":"","_jetpack_memberships_contains_paid_content":false,"footnotes":""},"categories":[22],"tags":[],"class_list":{"0":"post-75817","1":"post","2":"type-post","3":"status-publish","4":"format-standard","5":"has-post-thumbnail","7":"category-brasil","8":"entry","9":"gs-1","10":"gs-odd","11":"gs-even","12":"gs-featured-content-entry"},"jetpack_featured_media_url":"https:\/\/www.redenoticia.com.br\/noticia\/imagens\/transito-estradas.jpg","jetpack_sharing_enabled":true,"jetpack_likes_enabled":true,"_links":{"self":[{"href":"https:\/\/www.redenoticia.com.br\/noticia\/wp-json\/wp\/v2\/posts\/75817","targetHints":{"allow":["GET"]}}],"collection":[{"href":"https:\/\/www.redenoticia.com.br\/noticia\/wp-json\/wp\/v2\/posts"}],"about":[{"href":"https:\/\/www.redenoticia.com.br\/noticia\/wp-json\/wp\/v2\/types\/post"}],"author":[{"embeddable":true,"href":"https:\/\/www.redenoticia.com.br\/noticia\/wp-json\/wp\/v2\/users\/2"}],"replies":[{"embeddable":true,"href":"https:\/\/www.redenoticia.com.br\/noticia\/wp-json\/wp\/v2\/comments?post=75817"}],"version-history":[{"count":0,"href":"https:\/\/www.redenoticia.com.br\/noticia\/wp-json\/wp\/v2\/posts\/75817\/revisions"}],"wp:featuredmedia":[{"embeddable":true,"href":"https:\/\/www.redenoticia.com.br\/noticia\/wp-json\/wp\/v2\/media\/35207"}],"wp:attachment":[{"href":"https:\/\/www.redenoticia.com.br\/noticia\/wp-json\/wp\/v2\/media?parent=75817"}],"wp:term":[{"taxonomy":"category","embeddable":true,"href":"https:\/\/www.redenoticia.com.br\/noticia\/wp-json\/wp\/v2\/categories?post=75817"},{"taxonomy":"post_tag","embeddable":true,"href":"https:\/\/www.redenoticia.com.br\/noticia\/wp-json\/wp\/v2\/tags?post=75817"}],"curies":[{"name":"wp","href":"https:\/\/api.w.org\/{rel}","templated":true}]}}