{"id":75776,"date":"2015-09-30T15:50:19","date_gmt":"2015-09-30T18:50:19","guid":{"rendered":"http:\/\/www.redenoticia.com.br\/noticia\/?p=75776"},"modified":"2015-09-30T15:50:19","modified_gmt":"2015-09-30T18:50:19","slug":"confianca-do-comercio-cai-41-em-setembro-diz-fgv","status":"publish","type":"post","link":"https:\/\/www.redenoticia.com.br\/noticia\/2015\/confianca-do-comercio-cai-41-em-setembro-diz-fgv\/75776","title":{"rendered":"Confian\u00e7a do com\u00e9rcio cai 4,1% em setembro, diz FGV"},"content":{"rendered":"<p> O <strong><em>\u00cdndice de Confian\u00e7a do Com\u00e9rcio<\/em><\/strong> (ICOM) caiu 4,1% em setembro deste ano, em compara\u00e7\u00e3o a agosto. O \u00edndice manteve trajet\u00f3ria de decl\u00ednio que vem se verificando ao longo de 2015 informou o Instituto Brasileiro de Economia (Ibre) da Funda\u00e7\u00e3o Getulio Vargas (FGV). O indicador atingiu 82,6 pontos, o menor n\u00edvel da s\u00e9rie hist\u00f3rica iniciada em mar\u00e7o de 2010.<\/p>\n<p>O superintendente adjunto para Ciclos Econ\u00f4micos da FGV, Aloisio Campelo Jr., disse que \u201ca continuidade da queda da confian\u00e7a do com\u00e9rcio sinaliza que, no terceiro trimestre de 2015, o PIB [Produto Interno Bruto, soma de todos os bens e servi\u00e7os produzidos no pa\u00eds] do setor deve recuar em rela\u00e7\u00e3o ao per\u00edodo imediatamente anterior pela quarta vez consecutiva, algo que n\u00e3o ocorria desde 2002-2003\u201d.<\/p>\n<p>Para Campelo Jr., \u201ca julgar pelo pessimismo captado pela sondagem, n\u00e3o h\u00e1, no momento, sinais de mudan\u00e7a de tend\u00eancia para o \u00faltimo trimestre do ano. O setor reclama de fraqueza da demanda, escassez de cr\u00e9dito, custos financeiros elevados e da confian\u00e7a extremamente baixa do consumidor.\u201d<\/p>\n<p>Servi\u00e7os<\/p>\n<p>Segundo a FGV, o \u00cdndice de Confian\u00e7a de Servi\u00e7os (ICS) tamb\u00e9m registrou queda. O recuou em setembro foi 8,4%, em rela\u00e7\u00e3o a agosto, ao passar de 74,7 para 68,4 pontosl. Esta foi a s\u00e9tima vez em que o \u00edndice registra m\u00ednimo hist\u00f3rico em 2015.<\/p>\n<p>Segundo o consultor da FGV, Silvio Sales, no fim do terceiro trimestre os indicadores confirmam o aprofundamento do pessimismo nas empresas de servi\u00e7os. Segundo Sales, as avalia\u00e7\u00f5es negativas, tanto em rela\u00e7\u00e3o \u00e0s condi\u00e7\u00f5es correntes quanto ao cen\u00e1rio para os pr\u00f3ximos meses, atingem de modo cada vez mais disseminado as v\u00e1rias atividades. E acrescentou: &#8220;Al\u00e9m do enfraquecimento da demanda, h\u00e1 um aperto nas condi\u00e7\u00f5es de cr\u00e9dito e, assim, uma perspectiva de novos ajustes no quadro de pessoal. Esses indicadores apontam para uma nova queda no PIB do setor neste trimestre\u201d.<\/p>\n<p>O movimento negativo do ICS alcan\u00e7ou 11 de 12 atividades em setembro e foi determinado tanto pelas avalia\u00e7\u00f5es sobre o momento presente quanto pelas expectativas em rela\u00e7\u00e3o aos meses seguintes. <\/p>\n<p>Nielmar de Oliveira \u2013 Rep\u00f3rter da Ag\u00eancia Brasil<br \/>\nEdi\u00e7\u00e3o: Jos\u00e9 Romildo<\/p>\n","protected":false},"excerpt":{"rendered":"<p>O \u00cdndice de Confian\u00e7a do Com\u00e9rcio (ICOM) caiu 4,1% em setembro deste ano, em compara\u00e7\u00e3o a agosto. O \u00edndice manteve trajet\u00f3ria de decl\u00ednio que vem se verificando ao longo de 2015 informou o Instituto Brasileiro de Economia (Ibre) da Funda\u00e7\u00e3o Getulio Vargas (FGV). O indicador atingiu 82,6 pontos, o menor n\u00edvel da s\u00e9rie hist\u00f3rica iniciada [&hellip;]<\/p>\n","protected":false},"author":2,"featured_media":57584,"comment_status":"open","ping_status":"closed","sticky":false,"template":"","format":"standard","meta":{"_genesis_hide_title":false,"_genesis_hide_breadcrumbs":false,"_genesis_hide_singular_image":false,"_genesis_hide_footer_widgets":false,"_genesis_custom_body_class":"","_genesis_custom_post_class":"","_genesis_layout":"","_jetpack_memberships_contains_paid_content":false,"footnotes":""},"categories":[22,7],"tags":[],"class_list":{"0":"post-75776","1":"post","2":"type-post","3":"status-publish","4":"format-standard","5":"has-post-thumbnail","7":"category-brasil","8":"category-economia","9":"entry","10":"gs-1","11":"gs-odd","12":"gs-even","13":"gs-featured-content-entry"},"jetpack_featured_media_url":"https:\/\/www.redenoticia.com.br\/noticia\/imagens\/economia-grafica-analise-inflacao.jpg","jetpack_sharing_enabled":true,"jetpack_likes_enabled":true,"_links":{"self":[{"href":"https:\/\/www.redenoticia.com.br\/noticia\/wp-json\/wp\/v2\/posts\/75776","targetHints":{"allow":["GET"]}}],"collection":[{"href":"https:\/\/www.redenoticia.com.br\/noticia\/wp-json\/wp\/v2\/posts"}],"about":[{"href":"https:\/\/www.redenoticia.com.br\/noticia\/wp-json\/wp\/v2\/types\/post"}],"author":[{"embeddable":true,"href":"https:\/\/www.redenoticia.com.br\/noticia\/wp-json\/wp\/v2\/users\/2"}],"replies":[{"embeddable":true,"href":"https:\/\/www.redenoticia.com.br\/noticia\/wp-json\/wp\/v2\/comments?post=75776"}],"version-history":[{"count":0,"href":"https:\/\/www.redenoticia.com.br\/noticia\/wp-json\/wp\/v2\/posts\/75776\/revisions"}],"wp:featuredmedia":[{"embeddable":true,"href":"https:\/\/www.redenoticia.com.br\/noticia\/wp-json\/wp\/v2\/media\/57584"}],"wp:attachment":[{"href":"https:\/\/www.redenoticia.com.br\/noticia\/wp-json\/wp\/v2\/media?parent=75776"}],"wp:term":[{"taxonomy":"category","embeddable":true,"href":"https:\/\/www.redenoticia.com.br\/noticia\/wp-json\/wp\/v2\/categories?post=75776"},{"taxonomy":"post_tag","embeddable":true,"href":"https:\/\/www.redenoticia.com.br\/noticia\/wp-json\/wp\/v2\/tags?post=75776"}],"curies":[{"name":"wp","href":"https:\/\/api.w.org\/{rel}","templated":true}]}}