{"id":75774,"date":"2015-09-30T15:48:02","date_gmt":"2015-09-30T18:48:02","guid":{"rendered":"http:\/\/www.redenoticia.com.br\/noticia\/?p=75774"},"modified":"2015-09-30T15:48:02","modified_gmt":"2015-09-30T18:48:02","slug":"contas-publicas-acumulam-resultado-negativo-de-r-11-bilhao-ate-agosto","status":"publish","type":"post","link":"https:\/\/www.redenoticia.com.br\/noticia\/2015\/contas-publicas-acumulam-resultado-negativo-de-r-11-bilhao-ate-agosto\/75774","title":{"rendered":"Contas p\u00fablicas acumulam resultado negativo de R$ 1,1 bilh\u00e3o at\u00e9 agosto"},"content":{"rendered":"<p> O setor p\u00fablico consolidado \u2013 governos federal, estaduais e municipais e empresas estatais \u2013 registrou <strong><em>d\u00e9ficit prim\u00e1rio<\/em><\/strong> de R$ 7,310 bilh\u00f5es, em agosto, de acordo com dados do Banco Central (BC). No mesmo m\u00eas de 2014, houve d\u00e9ficit prim\u00e1rio de R$ 14,460 bilh\u00f5es.<\/p>\n<p>O governo tem uma meta de super\u00e1vit prim\u00e1rio, economia de recursos para pagar os juros da d\u00edvida p\u00fablica, de 0,15% do Produto Interno Bruto (PIB), soma das riquezas produzidas no pa\u00eds, este ano. Desse total do setor p\u00fablico, 0,10% correspondem ao Governo Central (Tesouro Nacional, Banco Central e Previd\u00eancia). O super\u00e1vit prim\u00e1rio ajuda a conter o endividamento do governo, no m\u00e9dio e no longo prazos.<\/p>\n<p>Mas o governo n\u00e3o conseguiu fazer essa economia em agosto e nos resultados acumulados do ano e em 12 meses. Nos oito meses do ano, o setor p\u00fablico registrou d\u00e9ficit prim\u00e1rio de R$ 1,105 bilh\u00e3o, o pior resultado para o per\u00edodo registrado na s\u00e9rie hist\u00f3rica do BC, iniciada em dezembro de 2001. Em 12 meses encerrados em agosto, o setor p\u00fablico apresentou d\u00e9ficit prim\u00e1rio de R$ 43,845 bilh\u00f5es.<\/p>\n<p>Nos oito meses do ano, o Governo Central registrou d\u00e9ficit prim\u00e1rio de R$ 14,884 bilh\u00f5es, enquanto os governos estaduais registraram super\u00e1vit prim\u00e1rio de R$ 13,860 bilh\u00f5es. Os governos municipais registram super\u00e1vit prim\u00e1rio de R$ 2,092 bilh\u00f5es. J\u00e1 as empresas estatais federais, estaduais e municipais, exclu\u00eddos os grupos Petrobras e Eletrobras, registraram d\u00e9ficit prim\u00e1rio de R$ 2,172 bilh\u00f5es.<\/p>\n<p>Os gastos com os juros que incidem sobre a d\u00edvida chegaram a R$ 49,703 bilh\u00f5es, em agosto, e acumularam R$ 338,326 bilh\u00f5es, nos oito meses do ano.<\/p>\n<p>O d\u00e9ficit nominal, formado pelo resultado prim\u00e1rio e as despesas com juros, chegou a R$ 57,013 bilh\u00f5es, no m\u00eas passado. De janeiro a agosto, o resultado negativo ficou em R$ 339,431 bilh\u00f5es.<\/p>\n<p>A d\u00edvida l\u00edquida do setor p\u00fablico (balan\u00e7o entre o total de cr\u00e9ditos e d\u00e9bitos dos governos federal, estaduais e municipais) chegou a R$ 1,929 trilh\u00e3o em agosto, o que corresponde a 33,7% do PIB. Em julho, essa propor\u00e7\u00e3o estava em 34,2%. A d\u00edvida bruta (contabiliza apenas os passivos dos governos federal, estaduais e municipais) chegou a R$ 3,743 trilh\u00f5es ou 65,3% do PIB, aumento de 0,7 ponto percentual em rela\u00e7\u00e3o a julho.<\/p>\n<p>Kelly Oliveira \u2013 Rep\u00f3rter da Ag\u00eancia Brasil<br \/>\nEdi\u00e7\u00e3o: Jos\u00e9 Romildo<\/p>\n","protected":false},"excerpt":{"rendered":"<p>O setor p\u00fablico consolidado \u2013 governos federal, estaduais e municipais e empresas estatais \u2013 registrou d\u00e9ficit prim\u00e1rio de R$ 7,310 bilh\u00f5es, em agosto, de acordo com dados do Banco Central (BC). No mesmo m\u00eas de 2014, houve d\u00e9ficit prim\u00e1rio de R$ 14,460 bilh\u00f5es. O governo tem uma meta de super\u00e1vit prim\u00e1rio, economia de recursos para [&hellip;]<\/p>\n","protected":false},"author":2,"featured_media":57583,"comment_status":"open","ping_status":"closed","sticky":false,"template":"","format":"standard","meta":{"_genesis_hide_title":false,"_genesis_hide_breadcrumbs":false,"_genesis_hide_singular_image":false,"_genesis_hide_footer_widgets":false,"_genesis_custom_body_class":"","_genesis_custom_post_class":"","_genesis_layout":"","_jetpack_memberships_contains_paid_content":false,"footnotes":""},"categories":[22,7],"tags":[],"class_list":{"0":"post-75774","1":"post","2":"type-post","3":"status-publish","4":"format-standard","5":"has-post-thumbnail","7":"category-brasil","8":"category-economia","9":"entry","10":"gs-1","11":"gs-odd","12":"gs-even","13":"gs-featured-content-entry"},"jetpack_featured_media_url":"https:\/\/www.redenoticia.com.br\/noticia\/imagens\/economia-grafico.jpg","jetpack_sharing_enabled":true,"jetpack_likes_enabled":true,"_links":{"self":[{"href":"https:\/\/www.redenoticia.com.br\/noticia\/wp-json\/wp\/v2\/posts\/75774","targetHints":{"allow":["GET"]}}],"collection":[{"href":"https:\/\/www.redenoticia.com.br\/noticia\/wp-json\/wp\/v2\/posts"}],"about":[{"href":"https:\/\/www.redenoticia.com.br\/noticia\/wp-json\/wp\/v2\/types\/post"}],"author":[{"embeddable":true,"href":"https:\/\/www.redenoticia.com.br\/noticia\/wp-json\/wp\/v2\/users\/2"}],"replies":[{"embeddable":true,"href":"https:\/\/www.redenoticia.com.br\/noticia\/wp-json\/wp\/v2\/comments?post=75774"}],"version-history":[{"count":0,"href":"https:\/\/www.redenoticia.com.br\/noticia\/wp-json\/wp\/v2\/posts\/75774\/revisions"}],"wp:featuredmedia":[{"embeddable":true,"href":"https:\/\/www.redenoticia.com.br\/noticia\/wp-json\/wp\/v2\/media\/57583"}],"wp:attachment":[{"href":"https:\/\/www.redenoticia.com.br\/noticia\/wp-json\/wp\/v2\/media?parent=75774"}],"wp:term":[{"taxonomy":"category","embeddable":true,"href":"https:\/\/www.redenoticia.com.br\/noticia\/wp-json\/wp\/v2\/categories?post=75774"},{"taxonomy":"post_tag","embeddable":true,"href":"https:\/\/www.redenoticia.com.br\/noticia\/wp-json\/wp\/v2\/tags?post=75774"}],"curies":[{"name":"wp","href":"https:\/\/api.w.org\/{rel}","templated":true}]}}