{"id":75772,"date":"2015-09-30T15:46:12","date_gmt":"2015-09-30T18:46:12","guid":{"rendered":"http:\/\/www.redenoticia.com.br\/noticia\/?p=75772"},"modified":"2015-09-30T15:46:12","modified_gmt":"2015-09-30T18:46:12","slug":"vendas-dos-supermercados-caem-404-em-agosto","status":"publish","type":"post","link":"https:\/\/www.redenoticia.com.br\/noticia\/2015\/vendas-dos-supermercados-caem-404-em-agosto\/75772","title":{"rendered":"Vendas dos supermercados caem 4,04% em agosto"},"content":{"rendered":"<p> As <strong><em>vendas do setor supermercadista ca\u00edram 4,04%<\/em><\/strong> em agosto em compara\u00e7\u00e3o com o mesmo m\u00eas do ano passado, de acordo com a Associa\u00e7\u00e3o Brasileira de Supermercados (Abras). Segundo o \u00cdndice Nacional de Vendas Abras, na compara\u00e7\u00e3o com julho a queda foi 0,29%. No acumulado do ano, as vendas apresentaram queda de 0,69%, na compara\u00e7\u00e3o com o mesmo per\u00edodo de 2014.<\/p>\n<p>Em valores nominais, as vendas do setor apresentaram queda de 0,07% em rela\u00e7\u00e3o ao m\u00eas anterior e, quando comparadas a agosto do ano anterior, alta de 5,1%. No acumulado do ano, as vendas cresceram 7,68%.<\/p>\n<p>\u201cN\u00f3s estamos trabalhando com nossos fornecedores para ativar o consumo, especialmente em vista da proximidade das festas de final de ano, que podem trazer melhores resultados, e tamb\u00e9m para adaptar nossas vendas e toda a log\u00edstica de distribui\u00e7\u00e3o aos novos h\u00e1bitos do consumidor, que est\u00e1 priorizando as compras de abastecimento da casa\u201d, disse o presidente da Abras, Fernando Yamada.<\/p>\n<p>Segundo a Abras, em agosto, a cesta de produtos Abrasmercado (35 produtos de largo consumo), registrou baixa de 0,63%, passando de R$ 414,40, em julho, para R$ 411,77, em agosto. Entre as maiores altas est\u00e3o itens como pernil (5,29%) e queijo prato (4,99%). As maiores quedas foram registradas por batata (-16,58%) e tomate (-15,45%).<\/p>\n<p>Fl\u00e1via Albuquerque &#8211; Rep\u00f3rter da Ag\u00eancia Brasil<br \/>\nEdi\u00e7\u00e3o: Beto Coura<\/p>\n","protected":false},"excerpt":{"rendered":"<p>As vendas do setor supermercadista ca\u00edram 4,04% em agosto em compara\u00e7\u00e3o com o mesmo m\u00eas do ano passado, de acordo com a Associa\u00e7\u00e3o Brasileira de Supermercados (Abras). Segundo o \u00cdndice Nacional de Vendas Abras, na compara\u00e7\u00e3o com julho a queda foi 0,29%. No acumulado do ano, as vendas apresentaram queda de 0,69%, na compara\u00e7\u00e3o com [&hellip;]<\/p>\n","protected":false},"author":2,"featured_media":38938,"comment_status":"open","ping_status":"closed","sticky":false,"template":"","format":"standard","meta":{"_genesis_hide_title":false,"_genesis_hide_breadcrumbs":false,"_genesis_hide_singular_image":false,"_genesis_hide_footer_widgets":false,"_genesis_custom_body_class":"","_genesis_custom_post_class":"","_genesis_layout":"","_jetpack_memberships_contains_paid_content":false,"footnotes":""},"categories":[22,7],"tags":[],"class_list":{"0":"post-75772","1":"post","2":"type-post","3":"status-publish","4":"format-standard","5":"has-post-thumbnail","7":"category-brasil","8":"category-economia","9":"entry","10":"gs-1","11":"gs-odd","12":"gs-even","13":"gs-featured-content-entry"},"jetpack_featured_media_url":"https:\/\/www.redenoticia.com.br\/noticia\/imagens\/economia1.jpg","jetpack_sharing_enabled":true,"jetpack_likes_enabled":true,"_links":{"self":[{"href":"https:\/\/www.redenoticia.com.br\/noticia\/wp-json\/wp\/v2\/posts\/75772","targetHints":{"allow":["GET"]}}],"collection":[{"href":"https:\/\/www.redenoticia.com.br\/noticia\/wp-json\/wp\/v2\/posts"}],"about":[{"href":"https:\/\/www.redenoticia.com.br\/noticia\/wp-json\/wp\/v2\/types\/post"}],"author":[{"embeddable":true,"href":"https:\/\/www.redenoticia.com.br\/noticia\/wp-json\/wp\/v2\/users\/2"}],"replies":[{"embeddable":true,"href":"https:\/\/www.redenoticia.com.br\/noticia\/wp-json\/wp\/v2\/comments?post=75772"}],"version-history":[{"count":0,"href":"https:\/\/www.redenoticia.com.br\/noticia\/wp-json\/wp\/v2\/posts\/75772\/revisions"}],"wp:featuredmedia":[{"embeddable":true,"href":"https:\/\/www.redenoticia.com.br\/noticia\/wp-json\/wp\/v2\/media\/38938"}],"wp:attachment":[{"href":"https:\/\/www.redenoticia.com.br\/noticia\/wp-json\/wp\/v2\/media?parent=75772"}],"wp:term":[{"taxonomy":"category","embeddable":true,"href":"https:\/\/www.redenoticia.com.br\/noticia\/wp-json\/wp\/v2\/categories?post=75772"},{"taxonomy":"post_tag","embeddable":true,"href":"https:\/\/www.redenoticia.com.br\/noticia\/wp-json\/wp\/v2\/tags?post=75772"}],"curies":[{"name":"wp","href":"https:\/\/api.w.org\/{rel}","templated":true}]}}