{"id":75770,"date":"2015-09-30T15:41:36","date_gmt":"2015-09-30T18:41:36","guid":{"rendered":"http:\/\/www.redenoticia.com.br\/noticia\/?p=75770"},"modified":"2015-09-30T15:41:36","modified_gmt":"2015-09-30T18:41:36","slug":"cadastramento-on-line-de-trabalhador-domestico","status":"publish","type":"post","link":"https:\/\/www.redenoticia.com.br\/noticia\/2015\/cadastramento-on-line-de-trabalhador-domestico\/75770","title":{"rendered":"Cadastramento on-line de trabalhador dom\u00e9stico"},"content":{"rendered":"<p>Os empregadores poder\u00e3o cadastrar trabalhadores\u00a0dom\u00e9sticos no portal\u00a0<em><strong><\/strong><\/em>\u00a0.\u00a0Com isso, mais de um milh\u00e3o de trabalhadores dom\u00e9sticos ter\u00e3o acesso aos benef\u00edcios previstos na Lei Complementar 150\/2015, que estende a esses empregados direitos b\u00e1sicos j\u00e1 garantidos aos demais trabalhadores como, por exemplo,\u00a0o Fundo de Garantia do Tempo de Servi\u00e7o (FGTS).<\/p>\n<p>O cadastramento dos trabalhadores j\u00e1 admitidos at\u00e9 setembro de 2015 estende-se, segundo a Receita Federal, por todo o m\u00eas de outubro. Quanto aos admitidos a partir do m\u00eas de outubro, o cadastramento deve ocorrer at\u00e9 um dia antes do in\u00edcio das atividades.<\/p>\n<p>A\u00a0Receita alerta os empregadores que\u00a0evitem\u00a0problemas na hora de efetivar o registro do trabalhador no portal eSocial, para evitar poss\u00edveis diverg\u00eancias associadas ao nome, \u00e0 data de nascimento, ao Cadastro de Pessoas F\u00edsicas\u00a0(CPF)\u00a0e ao N\u00famero de Identifica\u00e7\u00e3o Social\u00a0(NIS).<\/p>\n<p>De qualquer forma, a Receita informa que orientar\u00e1\u00a0os empregadores, em caso de diverg\u00eancia, para que providenciem o acerto dos dados.<\/p>\n<p>Da Ag\u00eancia Brasil<br \/>\nEdi\u00e7\u00e3o: Jos\u00e9 Romildo<\/p>\n","protected":false},"excerpt":{"rendered":"<p>Os empregadores poder\u00e3o cadastrar trabalhadores\u00a0dom\u00e9sticos no portal\u00a0\u00a0.\u00a0Com isso, mais de um milh\u00e3o de trabalhadores dom\u00e9sticos ter\u00e3o acesso aos benef\u00edcios previstos na Lei Complementar 150\/2015, que estende a esses empregados direitos b\u00e1sicos j\u00e1 garantidos aos demais trabalhadores como, por exemplo,\u00a0o Fundo de Garantia do Tempo de Servi\u00e7o (FGTS). O cadastramento dos trabalhadores j\u00e1 admitidos at\u00e9 setembro [&hellip;]<\/p>\n","protected":false},"author":2,"featured_media":57576,"comment_status":"open","ping_status":"closed","sticky":false,"template":"","format":"standard","meta":{"_genesis_hide_title":false,"_genesis_hide_breadcrumbs":false,"_genesis_hide_singular_image":false,"_genesis_hide_footer_widgets":false,"_genesis_custom_body_class":"","_genesis_custom_post_class":"","_genesis_layout":"","_jetpack_memberships_contains_paid_content":false,"footnotes":""},"categories":[22,7],"tags":[],"class_list":{"0":"post-75770","1":"post","2":"type-post","3":"status-publish","4":"format-standard","5":"has-post-thumbnail","7":"category-brasil","8":"category-economia","9":"entry","10":"gs-1","11":"gs-odd","12":"gs-even","13":"gs-featured-content-entry"},"jetpack_featured_media_url":"https:\/\/www.redenoticia.com.br\/noticia\/imagens\/tecnologia1.jpg","jetpack_sharing_enabled":true,"jetpack_likes_enabled":true,"_links":{"self":[{"href":"https:\/\/www.redenoticia.com.br\/noticia\/wp-json\/wp\/v2\/posts\/75770","targetHints":{"allow":["GET"]}}],"collection":[{"href":"https:\/\/www.redenoticia.com.br\/noticia\/wp-json\/wp\/v2\/posts"}],"about":[{"href":"https:\/\/www.redenoticia.com.br\/noticia\/wp-json\/wp\/v2\/types\/post"}],"author":[{"embeddable":true,"href":"https:\/\/www.redenoticia.com.br\/noticia\/wp-json\/wp\/v2\/users\/2"}],"replies":[{"embeddable":true,"href":"https:\/\/www.redenoticia.com.br\/noticia\/wp-json\/wp\/v2\/comments?post=75770"}],"version-history":[{"count":0,"href":"https:\/\/www.redenoticia.com.br\/noticia\/wp-json\/wp\/v2\/posts\/75770\/revisions"}],"wp:featuredmedia":[{"embeddable":true,"href":"https:\/\/www.redenoticia.com.br\/noticia\/wp-json\/wp\/v2\/media\/57576"}],"wp:attachment":[{"href":"https:\/\/www.redenoticia.com.br\/noticia\/wp-json\/wp\/v2\/media?parent=75770"}],"wp:term":[{"taxonomy":"category","embeddable":true,"href":"https:\/\/www.redenoticia.com.br\/noticia\/wp-json\/wp\/v2\/categories?post=75770"},{"taxonomy":"post_tag","embeddable":true,"href":"https:\/\/www.redenoticia.com.br\/noticia\/wp-json\/wp\/v2\/tags?post=75770"}],"curies":[{"name":"wp","href":"https:\/\/api.w.org\/{rel}","templated":true}]}}