{"id":75766,"date":"2015-09-30T15:30:25","date_gmt":"2015-09-30T18:30:25","guid":{"rendered":"http:\/\/www.redenoticia.com.br\/noticia\/?p=75766"},"modified":"2015-09-30T15:30:25","modified_gmt":"2015-09-30T18:30:25","slug":"biblioteca-virtual-sp-disponibiliza-informacoes-sobre-coleta-seletiva-e-reciclagem","status":"publish","type":"post","link":"https:\/\/www.redenoticia.com.br\/noticia\/2015\/biblioteca-virtual-sp-disponibiliza-informacoes-sobre-coleta-seletiva-e-reciclagem\/75766","title":{"rendered":"Biblioteca Virtual SP disponibiliza informa\u00e7\u00f5es sobre coleta seletiva e reciclagem"},"content":{"rendered":"<p><em><strong>Reciclar o lixo<\/strong><\/em> \u00e9 uma a\u00e7\u00e3o que depende de todos para diminuir os danos ao meio ambiente. Em tempos em que os recursos naturais diminuem e a quantidade de res\u00edduos aumenta, a conscientiza\u00e7\u00e3o em torno da reciclagem precisa crescer o mais r\u00e1pido poss\u00edvel.<\/p>\n<p>Em nossas pr\u00f3prias casas e locais de trabalho \u00e9 poss\u00edvel separar o lixo recicl\u00e1vel e encaminhar para os locais adequados de destina\u00e7\u00e3o (coleta seletiva, cooperativas, pontos de recep\u00e7\u00e3o, etc).<\/p>\n<p>A Biblioteca Virtual do Governo do Estado de S\u00e3o Paulo\u00a0, com informa\u00e7\u00f5es sobre coleta seletiva, destina\u00e7\u00e3o de lixo eletr\u00f4nico e dicas de lugares para levar seu lixo recicl\u00e1vel.<\/p>\n<p>Acesse os links espec\u00edficos abaixo:<\/p>\n<p>Do Portal do Governo do Estado SP<br \/>\n&#8212;<\/p>\n<p>Sobre<br \/>\nA Biblioteca Virtual tem como principal objetivo facilitar o acesso \u00e0s informa\u00e7\u00f5es sobre a administra\u00e7\u00e3o p\u00fablica do estado de S\u00e3o Paulo, os servi\u00e7os p\u00fablicos e conte\u00fados de interesse da popula\u00e7\u00e3o, por meio das tecnologias de informa\u00e7\u00e3o e comunica\u00e7\u00e3o, em especial da internet.<\/p>\n","protected":false},"excerpt":{"rendered":"<p>Reciclar o lixo \u00e9 uma a\u00e7\u00e3o que depende de todos para diminuir os danos ao meio ambiente. Em tempos em que os recursos naturais diminuem e a quantidade de res\u00edduos aumenta, a conscientiza\u00e7\u00e3o em torno da reciclagem precisa crescer o mais r\u00e1pido poss\u00edvel. Em nossas pr\u00f3prias casas e locais de trabalho \u00e9 poss\u00edvel separar o [&hellip;]<\/p>\n","protected":false},"author":2,"featured_media":37419,"comment_status":"open","ping_status":"closed","sticky":false,"template":"","format":"standard","meta":{"_genesis_hide_title":false,"_genesis_hide_breadcrumbs":false,"_genesis_hide_singular_image":false,"_genesis_hide_footer_widgets":false,"_genesis_custom_body_class":"","_genesis_custom_post_class":"","_genesis_layout":"","_jetpack_memberships_contains_paid_content":false,"footnotes":""},"categories":[22],"tags":[],"class_list":{"0":"post-75766","1":"post","2":"type-post","3":"status-publish","4":"format-standard","5":"has-post-thumbnail","7":"category-brasil","8":"entry","9":"gs-1","10":"gs-odd","11":"gs-even","12":"gs-featured-content-entry"},"jetpack_featured_media_url":"https:\/\/www.redenoticia.com.br\/noticia\/imagens\/computador-tecnologia.jpg","jetpack_sharing_enabled":true,"jetpack_likes_enabled":true,"_links":{"self":[{"href":"https:\/\/www.redenoticia.com.br\/noticia\/wp-json\/wp\/v2\/posts\/75766","targetHints":{"allow":["GET"]}}],"collection":[{"href":"https:\/\/www.redenoticia.com.br\/noticia\/wp-json\/wp\/v2\/posts"}],"about":[{"href":"https:\/\/www.redenoticia.com.br\/noticia\/wp-json\/wp\/v2\/types\/post"}],"author":[{"embeddable":true,"href":"https:\/\/www.redenoticia.com.br\/noticia\/wp-json\/wp\/v2\/users\/2"}],"replies":[{"embeddable":true,"href":"https:\/\/www.redenoticia.com.br\/noticia\/wp-json\/wp\/v2\/comments?post=75766"}],"version-history":[{"count":0,"href":"https:\/\/www.redenoticia.com.br\/noticia\/wp-json\/wp\/v2\/posts\/75766\/revisions"}],"wp:featuredmedia":[{"embeddable":true,"href":"https:\/\/www.redenoticia.com.br\/noticia\/wp-json\/wp\/v2\/media\/37419"}],"wp:attachment":[{"href":"https:\/\/www.redenoticia.com.br\/noticia\/wp-json\/wp\/v2\/media?parent=75766"}],"wp:term":[{"taxonomy":"category","embeddable":true,"href":"https:\/\/www.redenoticia.com.br\/noticia\/wp-json\/wp\/v2\/categories?post=75766"},{"taxonomy":"post_tag","embeddable":true,"href":"https:\/\/www.redenoticia.com.br\/noticia\/wp-json\/wp\/v2\/tags?post=75766"}],"curies":[{"name":"wp","href":"https:\/\/api.w.org\/{rel}","templated":true}]}}