{"id":75764,"date":"2015-09-30T15:25:51","date_gmt":"2015-09-30T18:25:51","guid":{"rendered":"http:\/\/www.redenoticia.com.br\/noticia\/?p=75764"},"modified":"2015-09-30T15:25:51","modified_gmt":"2015-09-30T18:25:51","slug":"sp-e-oficializada-como-uma-das-sedes-do-futebol-nas-olimpiadas-2016","status":"publish","type":"post","link":"https:\/\/www.redenoticia.com.br\/noticia\/2015\/sp-e-oficializada-como-uma-das-sedes-do-futebol-nas-olimpiadas-2016\/75764","title":{"rendered":"SP \u00e9 oficializada como uma das sedes do futebol nas Olimp\u00edadas 2016"},"content":{"rendered":"<p> <strong><em>S\u00e3o Paulo vai receber oito sele\u00e7\u00f5es ol\u00edmpicas<\/em><\/strong> e dez partidas de futebol durante os Jogos Ol\u00edmpicos 2016, que acontecer\u00e3o no Rio de Janeiro. As partidas v\u00e3o acontecer na Arena Corinthians, que fica em Itaquera, Zona Leste da cidade.<\/p>\n<p> A participa\u00e7\u00e3o da Capital foi oficializada em solenidade que contou com a participa\u00e7\u00e3o do governador Geraldo Alckmin, do prefeito de S\u00e3o Paulo, Fernando Haddad, e do presidente do Comit\u00ea Organizador das Olimp\u00edadas 2016, Carlos Arthur Nuzman.<\/p>\n<p>\u201cN\u00f3s poderemos receber em S\u00e3o Paulo mais delega\u00e7\u00f5es do que na Copa do Mundo [realizada em 2014]. Bem prov\u00e1vel que isso aconte\u00e7a, porque ser\u00e3o 42 modalidades, 206 pa\u00edses e 11 mil atletas. Esse \u00e9 um dos maiores eventos mundiais e S\u00e3o Paulo fica muito feliz de receber os jogos e as delega\u00e7\u00f5es\u201d, disse o governador.<\/p>\n<p>O contrato celebrado traz compromissos rec\u00edprocos para a realiza\u00e7\u00e3o da competi\u00e7\u00e3o de futebol, principalmente, nas \u00e1reas de seguran\u00e7a p\u00fablica, sa\u00fade e mobilidade urbana. Ser\u00e3o sete dias de jogos, com uma novidade: tr\u00eas deles com rodadas duplas.<\/p>\n<p>Primeiro jogo ser\u00e1 em 3 de agosto de 2016<br \/>\nOs jogos ol\u00edmpicos ser\u00e3o realizados entre 5 e 21 de agosto, mas a primeira partida de futebol em S\u00e3o Paulo ser\u00e1 no dia 3, antes da abertura oficial. J\u00e1 o \u00faltimo jogo na Capital ser\u00e1 em 19 de agosto. A cidade vai sediar seis jogos da primeira fase, dois das quartas de final, um da semifinal e um da disputa pela medalha de bronze.<\/p>\n<p>As sele\u00e7\u00f5es que ir\u00e3o jogar em S\u00e3o Paulo ser\u00e3o conhecidas at\u00e9 abril de 2016, mas o Brasil, que tem vaga garantida por sediar os Jogos Ol\u00edmpicos, tem grandes chances de disputar alguns dos seus jogos na Capital, tanto com a sele\u00e7\u00e3o feminina quanto a masculina.<\/p>\n<p>O Governo do Estado, desde a assinatura da Garantia Master Estadual (carta de inten\u00e7\u00f5es), assinada em 2008, e depois com a Lei do Ato Ol\u00edmpico, em 2010, se comprometeu a apoiar a realiza\u00e7\u00e3o dos jogos em S\u00e3o Paulo, valendo-se, inclusive, do legado da Copa do Mundo de 2014.<\/p>\n<p>Como exemplos, h\u00e1 o Centro Integrado de Comando e Controle Regional, que funciona como centro de coordena\u00e7\u00e3o de a\u00e7\u00f5es de seguran\u00e7a, a governan\u00e7a integrada e as oportunidades tur\u00edsticas para o Estado. Os compromissos do Estado ser\u00e3o de reponsabilidade do Comit\u00ea Paulista das Olimp\u00edadas 2016, que atuar\u00e1 como \u00f3rg\u00e3o planejador e executor das a\u00e7\u00f5es necess\u00e1rias \u00e0 operacionaliza\u00e7\u00e3o e realiza\u00e7\u00e3o do evento.<\/p>\n<p>Do Portal do Governo do Estado SP<\/p>\n","protected":false},"excerpt":{"rendered":"<p>S\u00e3o Paulo vai receber oito sele\u00e7\u00f5es ol\u00edmpicas e dez partidas de futebol durante os Jogos Ol\u00edmpicos 2016, que acontecer\u00e3o no Rio de Janeiro. As partidas v\u00e3o acontecer na Arena Corinthians, que fica em Itaquera, Zona Leste da cidade. A participa\u00e7\u00e3o da Capital foi oficializada em solenidade que contou com a participa\u00e7\u00e3o do governador Geraldo Alckmin, [&hellip;]<\/p>\n","protected":false},"author":2,"featured_media":39880,"comment_status":"open","ping_status":"closed","sticky":false,"template":"","format":"standard","meta":{"_genesis_hide_title":false,"_genesis_hide_breadcrumbs":false,"_genesis_hide_singular_image":false,"_genesis_hide_footer_widgets":false,"_genesis_custom_body_class":"","_genesis_custom_post_class":"","_genesis_layout":"","_jetpack_memberships_contains_paid_content":false,"footnotes":""},"categories":[22],"tags":[],"class_list":{"0":"post-75764","1":"post","2":"type-post","3":"status-publish","4":"format-standard","5":"has-post-thumbnail","7":"category-brasil","8":"entry","9":"gs-1","10":"gs-odd","11":"gs-even","12":"gs-featured-content-entry"},"jetpack_featured_media_url":"https:\/\/www.redenoticia.com.br\/noticia\/imagens\/olimpiadas.jpg","jetpack_sharing_enabled":true,"jetpack_likes_enabled":true,"_links":{"self":[{"href":"https:\/\/www.redenoticia.com.br\/noticia\/wp-json\/wp\/v2\/posts\/75764","targetHints":{"allow":["GET"]}}],"collection":[{"href":"https:\/\/www.redenoticia.com.br\/noticia\/wp-json\/wp\/v2\/posts"}],"about":[{"href":"https:\/\/www.redenoticia.com.br\/noticia\/wp-json\/wp\/v2\/types\/post"}],"author":[{"embeddable":true,"href":"https:\/\/www.redenoticia.com.br\/noticia\/wp-json\/wp\/v2\/users\/2"}],"replies":[{"embeddable":true,"href":"https:\/\/www.redenoticia.com.br\/noticia\/wp-json\/wp\/v2\/comments?post=75764"}],"version-history":[{"count":0,"href":"https:\/\/www.redenoticia.com.br\/noticia\/wp-json\/wp\/v2\/posts\/75764\/revisions"}],"wp:featuredmedia":[{"embeddable":true,"href":"https:\/\/www.redenoticia.com.br\/noticia\/wp-json\/wp\/v2\/media\/39880"}],"wp:attachment":[{"href":"https:\/\/www.redenoticia.com.br\/noticia\/wp-json\/wp\/v2\/media?parent=75764"}],"wp:term":[{"taxonomy":"category","embeddable":true,"href":"https:\/\/www.redenoticia.com.br\/noticia\/wp-json\/wp\/v2\/categories?post=75764"},{"taxonomy":"post_tag","embeddable":true,"href":"https:\/\/www.redenoticia.com.br\/noticia\/wp-json\/wp\/v2\/tags?post=75764"}],"curies":[{"name":"wp","href":"https:\/\/api.w.org\/{rel}","templated":true}]}}