{"id":75762,"date":"2015-09-30T15:23:51","date_gmt":"2015-09-30T18:23:51","guid":{"rendered":"http:\/\/www.redenoticia.com.br\/noticia\/?p=75762"},"modified":"2015-09-30T15:23:51","modified_gmt":"2015-09-30T18:23:51","slug":"santos-pode-se-tornar-mais-suscetivel-a-inundacoes","status":"publish","type":"post","link":"https:\/\/www.redenoticia.com.br\/noticia\/2015\/santos-pode-se-tornar-mais-suscetivel-a-inundacoes\/75762","title":{"rendered":"Santos pode se tornar mais suscet\u00edvel a inunda\u00e7\u00f5es"},"content":{"rendered":"<p>Elton Alisson | Ag\u00eancia FAPESP \u2013 O <strong><em>n\u00edvel do mar na cidade de Santos<\/em><\/strong>, no litoral sul paulista, pode aumentar entre 18 e 30 cent\u00edmetros at\u00e9 2050. A combina\u00e7\u00e3o dessa eleva\u00e7\u00e3o do n\u00edvel do mar com tempestades extremas \u2013 previstas para ocorrer com maior frequ\u00eancia e intensidade na regi\u00e3o em raz\u00e3o das mudan\u00e7as clim\u00e1ticas \u2013 pode fazer com que as mar\u00e9s induzidas pelas fases da lua se tornem mais altas. Com isso, as inunda\u00e7\u00f5es causadas pelo avan\u00e7o do mar na zona costeira da cidade podem ser mais graves e causar maiores preju\u00edzos econ\u00f4micos.<\/p>\n<p>As proje\u00e7\u00f5es s\u00e3o de um estudo internacional, realizado por pesquisadores do Centro de Monitoramento de Desastres Naturais (Cemaden), Instituto Nacional de Pesquisas Espaciais (Inpe), Universidade de S\u00e3o Paulo (USP) e Estadual de Campinas (Unicamp), em parceria com colegas da University of South Florida, dos Estados Unidos, do King\u2019s College London, da Inglaterra, e t\u00e9cnicos da Prefeitura Municipal de Santos.<\/p>\n<p>Os resultados do estudo, que fazem parte do projeto , apoiado pela FAPESP, no \u00e2mbito de um acordo de coopera\u00e7\u00e3o com o , ser\u00e3o apresentados nesta quarta-feira (30\/09) a representantes da sociedade civil de Santos.<\/p>\n<p>Durante o encontro, os pesquisadores mostrar\u00e3o \u00e0s autoridades e lideran\u00e7as locais proje\u00e7\u00f5es de eleva\u00e7\u00e3o do n\u00edvel do mar e de impactos econ\u00f4micos nas regi\u00f5es sudeste e noroeste de Santos, que j\u00e1 t\u00eam sido impactadas pelo aumento do n\u00edvel do mar. A ideia \u00e9 que os participantes apontem poss\u00edveis medidas de adapta\u00e7\u00e3o para minimizar os riscos.<\/p>\n<p>\u201cO estudo \u00e9 in\u00e9dito por apontar n\u00e3o s\u00f3 como determinadas \u00e1reas de Santos poder\u00e3o ser afetadas por inunda\u00e7\u00f5es causadas pelo aumento do n\u00edvel do mar nas pr\u00f3ximas d\u00e9cadas, mas tamb\u00e9m estimar as perdas econ\u00f4micas\u201d, disse Jos\u00e9 Marengo, pesquisador titular do Cemaden e coordenador do projeto do lado do Brasil, \u00e0 Ag\u00eancia FAPESP.<\/p>\n<p>Para fazer as proje\u00e7\u00f5es, os pesquisadores usaram uma plataforma, chamada COAST (sigla de Coastal Adaptation to Sea Level Rise Tool), desenvolvida por uma empresa americana.<\/p>\n<p>A plataforma \u00e9 capaz de fazer previs\u00f5es de danos a ativos econ\u00f4micos \u2013 como, por exemplo, im\u00f3veis \u2013, ao longo de um determinado per\u00edodo de tempo, causados por inunda\u00e7\u00f5es provocadas pela combina\u00e7\u00e3o da eleva\u00e7\u00e3o do n\u00edvel do mar com a ocorr\u00eancia de tempestades.<\/p>\n<p>Al\u00e9m disso, pode ser usada para calcular os benef\u00edcios e custos de diferentes estrat\u00e9gias de adapta\u00e7\u00e3o para determinar qual seria a mais indicada.<\/p>\n<p>\u201cA plataforma COAST tamb\u00e9m est\u00e1 sendo utilizada durante o projeto para fazer proje\u00e7\u00f5es de aumento do n\u00edvel do mar e inunda\u00e7\u00f5es em Broward, na Fl\u00f3rida, em raz\u00e3o dos furac\u00f5es que atingem a zona costeira da regi\u00e3o, e em Selsey, na Inglaterra, que pode sofrer inunda\u00e7\u00f5es causadas por tempestades\u201d, disse Marengo.<\/p>\n<p>No Brasil, a cidade de Santos, onde est\u00e1 localizado o maior porto da Am\u00e9rica Latina, foi escolhida devido a sua import\u00e2ncia econ\u00f4mica estrat\u00e9gica para o Estado de S\u00e3o Paulo e para o pa\u00eds, e em raz\u00e3o da disponibilidade de dados necess\u00e1rios para a plataforma COAST fazer as proje\u00e7\u00f5es.<\/p>\n<p>\u201cH\u00e1 muitos munic\u00edpios costeiros no Brasil que n\u00e3o disp\u00f5em de informa\u00e7\u00f5es sobre mudan\u00e7as do n\u00edvel do mar em s\u00e9ries temporais como temos em Santos\u201d, disse Luci Hidalgo Nunes, professora da Unicamp e uma das pesquisadoras participantes do projeto.<\/p>\n<p>Integra\u00e7\u00e3o de dados<\/p>\n<p>Para fazer as proje\u00e7\u00f5es em Santos, a plataforma COAST integra dados de mudan\u00e7as no n\u00edvel do mar, temperatura, frequ\u00eancia de tempestades e outras vari\u00e1veis meteorol\u00f3gicas com proje\u00e7\u00f5es de alta resolu\u00e7\u00e3o para cen\u00e1rios clim\u00e1ticos da cidade at\u00e9 2100.<\/p>\n<p>Os dados sobre mudan\u00e7as no n\u00edvel do mar em Santos foram obtidos por mar\u00e9grafos na regi\u00e3o, no per\u00edodo entre 1945 e 1990, e por altimetria de sat\u00e9lite, entre 1993\u00a0e 2013.<\/p>\n<p>As an\u00e1lises dos dados indicaram que no per\u00edodo de 1993 a 2013 o n\u00edvel do mar em Santos aumentou, em m\u00e9dia, 3 mil\u00edmetros por ano.<\/p>\n<p>No per\u00edodo entre 1993 e 2003 o mar na regi\u00e3o subiu 2,7 mil\u00edmetros por ano. J\u00e1 entre 2003 e 2013, o aumento foi de 3,6 mil\u00edmetros por ano, apontaram as an\u00e1lises.<\/p>\n<p>\u201cEssa eleva\u00e7\u00e3o do n\u00edvel do mar na costa de Santos est\u00e1 pr\u00f3xima da m\u00e9dia global indicada pela altimetria de sat\u00e9lite para todos os oceanos&#8221;, disse Joseph Harari, professor do Instituto Oceanogr\u00e1fico (IO) da USP e um dos pesquisadores do projeto.<\/p>\n<p>J\u00e1 a modelagem de eventos extremos no futuro foi feita por meio de modelos regionais do Inpe, rodados com cen\u00e1rios dos modelos do IPCC para fazer proje\u00e7\u00f5es de curto, m\u00e9dio e longo prazo para a Baixada Santista.<\/p>\n<p>Com base na combina\u00e7\u00e3o desses dados, a plataforma COAST estimou a altura que as mar\u00e9s poder\u00e3o atingir em Santos em 2050 e 2100, em um cen\u00e1rio mais otimista ou pessimista.<\/p>\n<p>\u201cEsse tipo de informa\u00e7\u00e3o era in\u00e9dita no Brasil. \u00c9 a primeira vez que esses dados s\u00e3o obtidos\u201d, afirmou Nunes.<\/p>\n<p>A fim de calcular os poss\u00edveis impactos econ\u00f4micos causados pelas inunda\u00e7\u00f5es provocadas pelo aumento da altura das mar\u00e9s por meio da plataforma COAST, os pesquisadores selecionaram as zonas noroeste e sudeste de Santos.<\/p>\n<p>A regi\u00e3o sudeste, por exemplo \u2013 que vai do Boqueir\u00e3o at\u00e9 a Ponta da Praia \u2013, tem sofrido desde o come\u00e7o da d\u00e9cada de 1940, com a constru\u00e7\u00e3o da avenida \u00e0 beira-mar, de eros\u00e3o costeira (perda de faixa de praia que protege de inunda\u00e7\u00f5es).<\/p>\n<p>J\u00e1 a regi\u00e3o noroeste experimenta inunda\u00e7\u00f5es durante as mar\u00e9s de sig\u00edzia \u2013 quando as mar\u00e9s ficam mais altas influenciadas pela atra\u00e7\u00e3o gravitacional \u2013, especialmente no ver\u00e3o, quando aumenta a frequ\u00eancia de chuvas.<\/p>\n<p>\u201cS\u00e3o duas \u00e1reas com processos hidrometeorol\u00f3gicos, riscos, usos do solo, respostas geol\u00f3gicas e geomorfol\u00f3gicas e popula\u00e7\u00f5es diferentes. Portanto, as medidas de adapta\u00e7\u00e3o tamb\u00e9m ser\u00e3o diferentes\u201d, disse C\u00e9lia Regina de Gouveia Souza, pesquisadora do Instituto Geol\u00f3gico de S\u00e3o Paulo.<\/p>\n<p>Os dados para estimar as perdas econ\u00f4micas nas duas regi\u00f5es, como danos estruturais em edif\u00edcios causados pela eleva\u00e7\u00e3o do n\u00edvel do mar, foram fornecidos pela prefeitura de Santos, por meio das secretarias de Finan\u00e7as, Infraestrutura e edifica\u00e7\u00e3o, Desenvolvimento Urbano, Meio Ambiente e Defesa Civil.<\/p>\n<p>\u201cA participa\u00e7\u00e3o do poder p\u00fablico \u00e9 fundamental em um projeto como esse e a prefeitura foi uma grande parceira. Como contrapartida por terem nos fornecido os dados e colaborar conosco no projeto, eles receber\u00e3o um instrumento de planejamento para gest\u00e3o costeira muito robusto\u201d, avaliou Souza.<\/p>\n<div class=\"wrap-content\"><\/div>\n","protected":false},"excerpt":{"rendered":"<p>Elton Alisson | Ag\u00eancia FAPESP \u2013 O n\u00edvel do mar na cidade de Santos, no litoral sul paulista, pode aumentar entre 18 e 30 cent\u00edmetros at\u00e9 2050. A combina\u00e7\u00e3o dessa eleva\u00e7\u00e3o do n\u00edvel do mar com tempestades extremas \u2013 previstas para ocorrer com maior frequ\u00eancia e intensidade na regi\u00e3o em raz\u00e3o das mudan\u00e7as clim\u00e1ticas \u2013 [&hellip;]<\/p>\n","protected":false},"author":2,"featured_media":41101,"comment_status":"open","ping_status":"closed","sticky":false,"template":"","format":"standard","meta":{"_genesis_hide_title":false,"_genesis_hide_breadcrumbs":false,"_genesis_hide_singular_image":false,"_genesis_hide_footer_widgets":false,"_genesis_custom_body_class":"","_genesis_custom_post_class":"","_genesis_layout":"","_jetpack_memberships_contains_paid_content":false,"footnotes":""},"categories":[22],"tags":[],"class_list":{"0":"post-75762","1":"post","2":"type-post","3":"status-publish","4":"format-standard","5":"has-post-thumbnail","7":"category-brasil","8":"entry","9":"gs-1","10":"gs-odd","11":"gs-even","12":"gs-featured-content-entry"},"jetpack_featured_media_url":"https:\/\/www.redenoticia.com.br\/noticia\/imagens\/praia-balneario.jpg","jetpack_sharing_enabled":true,"jetpack_likes_enabled":true,"_links":{"self":[{"href":"https:\/\/www.redenoticia.com.br\/noticia\/wp-json\/wp\/v2\/posts\/75762","targetHints":{"allow":["GET"]}}],"collection":[{"href":"https:\/\/www.redenoticia.com.br\/noticia\/wp-json\/wp\/v2\/posts"}],"about":[{"href":"https:\/\/www.redenoticia.com.br\/noticia\/wp-json\/wp\/v2\/types\/post"}],"author":[{"embeddable":true,"href":"https:\/\/www.redenoticia.com.br\/noticia\/wp-json\/wp\/v2\/users\/2"}],"replies":[{"embeddable":true,"href":"https:\/\/www.redenoticia.com.br\/noticia\/wp-json\/wp\/v2\/comments?post=75762"}],"version-history":[{"count":0,"href":"https:\/\/www.redenoticia.com.br\/noticia\/wp-json\/wp\/v2\/posts\/75762\/revisions"}],"wp:featuredmedia":[{"embeddable":true,"href":"https:\/\/www.redenoticia.com.br\/noticia\/wp-json\/wp\/v2\/media\/41101"}],"wp:attachment":[{"href":"https:\/\/www.redenoticia.com.br\/noticia\/wp-json\/wp\/v2\/media?parent=75762"}],"wp:term":[{"taxonomy":"category","embeddable":true,"href":"https:\/\/www.redenoticia.com.br\/noticia\/wp-json\/wp\/v2\/categories?post=75762"},{"taxonomy":"post_tag","embeddable":true,"href":"https:\/\/www.redenoticia.com.br\/noticia\/wp-json\/wp\/v2\/tags?post=75762"}],"curies":[{"name":"wp","href":"https:\/\/api.w.org\/{rel}","templated":true}]}}