{"id":75722,"date":"2015-09-29T15:10:49","date_gmt":"2015-09-29T18:10:49","guid":{"rendered":"http:\/\/www.redenoticia.com.br\/noticia\/?p=75722"},"modified":"2015-09-29T15:10:49","modified_gmt":"2015-09-29T18:10:49","slug":"inflacao-medida-pelo-igp-m-tem-alta-de-835-em-12-meses","status":"publish","type":"post","link":"https:\/\/www.redenoticia.com.br\/noticia\/2015\/inflacao-medida-pelo-igp-m-tem-alta-de-835-em-12-meses\/75722","title":{"rendered":"Infla\u00e7\u00e3o medida pelo IGP-M tem alta de 8,35% em 12 meses"},"content":{"rendered":"<p>O \u00cdndice Geral de Pre\u00e7os \u2013 Mercado (IGP-M) registrou alta de 8,35% em 12 meses. Em setembro, a <em><strong>infla\u00e7\u00e3o<\/strong><\/em> medida pelo \u00edndice divulgado pela Funda\u00e7\u00e3o Get\u00falio Vargas (FGV) subiu 0,95%. Em agosto, a eleva\u00e7\u00e3o foi 0,28%. No acumulado dos nove primeiros meses do ano a alta correspondeu a 6,34%.<\/p>\n<p>O \u00cdndice de Pre\u00e7os ao Produtor Amplo (IPA) teve alta de 8,14% em 12 meses e de 5,89% no acumulado do ano. Em setembro, a eleva\u00e7\u00e3o ficou em 1,30%, expressiva em compara\u00e7\u00e3o ao 0,20% verificado em agosto. Em um ano o \u00edndice referente a bens finais subiu 8,32%, o de bens intermedi\u00e1rios, 8,01%, e as mat\u00e9rias-primas brutas, 8,09%.<\/p>\n<p>Entre os itens que contribu\u00edram para a alta do IPA em setembro est\u00e3o a soja em gr\u00e3o (5,84%), o farelo de soja (8,23%), o milho em gr\u00e3o (4,61%) e os adubos e fertilizantes (6,92%). Houve quedas expressivas em produtos como o tomate (-21,53%), o mam\u00e3o (-17,78%) e o querosene de avia\u00e7\u00e3o (-4,37%).<\/p>\n<p>O \u00cdndice de Pre\u00e7os ao Consumidor (IPC) registra alta de 9,46% em 12 meses e de 7,57% de janeiro a setembro. O grupo com maior aumento de custos em um ano \u00e9 habita\u00e7\u00e3o (13,05%), seguida pelas despesas diversas (12,45%) e alimenta\u00e7\u00e3o (9,83%).<\/p>\n<p>Em setembro, o IPC registrou subiu 0,32%. Em agosto, a varia\u00e7\u00e3o foi 0,24%. Houve influ\u00eancia do crescimento do valor das despesas com refei\u00e7\u00f5es em restaurantes (0,60%), plano de sa\u00fade (1%), g\u00e1s de cozinha (3,52%) e aluguel residencial (0,39%). Em contrapartida, houve redu\u00e7\u00e3o nos pre\u00e7os da cebola (-17,31%), do tomate (-16,40%), do mam\u00e3o papaya (-15,05%) e da cenoura (-12,50%).<\/p>\n<p>O \u00cdndice Nacional de Custo da Constru\u00e7\u00e3o (INCC) registra alta de 7,19% em 12 meses e 6,38% no acumulado de janeiro a setembro. Em um ano, os custos com materiais, equipamentos e servi\u00e7os subiram 6,06% e 4,91% nos primeiros nove meses do ano. Para m\u00e3o de obra, a infla\u00e7\u00e3o em 12 meses teve alta de 8,20% e 7,70% no acumulado do ano. Em setembro, a eleva\u00e7\u00e3o ficou em 0,22%.<\/p>\n<p>Daniel Mello &#8211; Rep\u00f3rter da Ag\u00eancia Brasil<br \/>\nEdi\u00e7\u00e3o: Jos\u00e9 Romildo<\/p>\n","protected":false},"excerpt":{"rendered":"<p>O \u00cdndice Geral de Pre\u00e7os \u2013 Mercado (IGP-M) registrou alta de 8,35% em 12 meses. Em setembro, a infla\u00e7\u00e3o medida pelo \u00edndice divulgado pela Funda\u00e7\u00e3o Get\u00falio Vargas (FGV) subiu 0,95%. Em agosto, a eleva\u00e7\u00e3o foi 0,28%. No acumulado dos nove primeiros meses do ano a alta correspondeu a 6,34%. O \u00cdndice de Pre\u00e7os ao Produtor [&hellip;]<\/p>\n","protected":false},"author":2,"featured_media":57584,"comment_status":"open","ping_status":"closed","sticky":false,"template":"","format":"standard","meta":{"_genesis_hide_title":false,"_genesis_hide_breadcrumbs":false,"_genesis_hide_singular_image":false,"_genesis_hide_footer_widgets":false,"_genesis_custom_body_class":"","_genesis_custom_post_class":"","_genesis_layout":"","_jetpack_memberships_contains_paid_content":false,"footnotes":""},"categories":[22,7],"tags":[],"class_list":{"0":"post-75722","1":"post","2":"type-post","3":"status-publish","4":"format-standard","5":"has-post-thumbnail","7":"category-brasil","8":"category-economia","9":"entry","10":"gs-1","11":"gs-odd","12":"gs-even","13":"gs-featured-content-entry"},"jetpack_featured_media_url":"https:\/\/www.redenoticia.com.br\/noticia\/imagens\/economia-grafica-analise-inflacao.jpg","jetpack_sharing_enabled":true,"jetpack_likes_enabled":true,"_links":{"self":[{"href":"https:\/\/www.redenoticia.com.br\/noticia\/wp-json\/wp\/v2\/posts\/75722","targetHints":{"allow":["GET"]}}],"collection":[{"href":"https:\/\/www.redenoticia.com.br\/noticia\/wp-json\/wp\/v2\/posts"}],"about":[{"href":"https:\/\/www.redenoticia.com.br\/noticia\/wp-json\/wp\/v2\/types\/post"}],"author":[{"embeddable":true,"href":"https:\/\/www.redenoticia.com.br\/noticia\/wp-json\/wp\/v2\/users\/2"}],"replies":[{"embeddable":true,"href":"https:\/\/www.redenoticia.com.br\/noticia\/wp-json\/wp\/v2\/comments?post=75722"}],"version-history":[{"count":0,"href":"https:\/\/www.redenoticia.com.br\/noticia\/wp-json\/wp\/v2\/posts\/75722\/revisions"}],"wp:featuredmedia":[{"embeddable":true,"href":"https:\/\/www.redenoticia.com.br\/noticia\/wp-json\/wp\/v2\/media\/57584"}],"wp:attachment":[{"href":"https:\/\/www.redenoticia.com.br\/noticia\/wp-json\/wp\/v2\/media?parent=75722"}],"wp:term":[{"taxonomy":"category","embeddable":true,"href":"https:\/\/www.redenoticia.com.br\/noticia\/wp-json\/wp\/v2\/categories?post=75722"},{"taxonomy":"post_tag","embeddable":true,"href":"https:\/\/www.redenoticia.com.br\/noticia\/wp-json\/wp\/v2\/tags?post=75722"}],"curies":[{"name":"wp","href":"https:\/\/api.w.org\/{rel}","templated":true}]}}