{"id":75720,"date":"2015-09-29T15:08:52","date_gmt":"2015-09-29T18:08:52","guid":{"rendered":"http:\/\/www.redenoticia.com.br\/noticia\/?p=75720"},"modified":"2015-09-29T15:08:52","modified_gmt":"2015-09-29T18:08:52","slug":"tarifa-bancaria-subiu-nove-vezes-mais-que-a-inflacao","status":"publish","type":"post","link":"https:\/\/www.redenoticia.com.br\/noticia\/2015\/tarifa-bancaria-subiu-nove-vezes-mais-que-a-inflacao\/75720","title":{"rendered":"Tarifa banc\u00e1ria subiu nove vezes mais que a infla\u00e7\u00e3o"},"content":{"rendered":"<p>As <strong><em>tarifas cobradas pelos oito maiores bancos<\/em><\/strong> do pa\u00eds nos \u00faltimos tr\u00eas anos cresceram at\u00e9 169%, percentual 8,6 vezes superior \u00e0 infla\u00e7\u00e3o para o mesmo per\u00edodo, mostra a associa\u00e7\u00e3o de consumidores Proteste.<\/p>\n<p>O levantamento comparou as tarifas das cestas informadas nas tabelas das pr\u00f3prias institui\u00e7\u00f5es banc\u00e1rias. O maior aumento foi na cesta Exclusive F\u00e1cil (antiga Conta F\u00e1cil Bradesco Super) do banco Bradesco, que em 2013 custava R$ 23 mensais, e no pr\u00f3ximo m\u00eas passar\u00e1 a custar R$ 61,90. O consumidor ter\u00e1 um custo anual de R$ 742,80, ou seja, R$ 466,80 a mais que em 2013.<\/p>\n<p>No levantamento, tamb\u00e9m foram encontrados pacotes de servi\u00e7os com valores de at\u00e9 R$ 74 mensais, como o cobrado pelo banco Santander na cesta de servi\u00e7o Van Gogh Max. O custo anual do pacote soma R$ 888.<\/p>\n<p>A pesquisa verificou tarifas dos bancos Banrisul, Banco do Brasil, Bradesco, Caixa Econ\u00f4mica Federal, Citibank, HSBC, Ita\u00fa e Santander. A Proteste lembra que os bancos t\u00eam obriga\u00e7\u00e3o de divulgar o valor de todas as tarifas e taxas cobradas, al\u00e9m de deixar claro quais servi\u00e7os est\u00e3o inclusos nos pacotes oferecidos.<\/p>\n<p>Fernanda Cruz \u2013 Rep\u00f3rter da Ag\u00eancia Brasil<br \/>\nEdi\u00e7\u00e3o: Maria Claudia<\/p>\n<p>&#8212;<\/p>\n<p>A Empresa Brasil de Comunica\u00e7\u00e3o \u00e9 uma institui\u00e7\u00e3o da democracia brasileira: p\u00fablica, inclusiva e cidad\u00e3. Criada em 2007 para fortalecer o sistema p\u00fablico de comunica\u00e7\u00e3o, \u00e9 gestora dos canais TV Brasil, TV Brasil Internacional, Ag\u00eancia Brasil, Radioag\u00eancia Nacional e do sistema p\u00fablico de R\u00e1dio \u2013 composto por oito emissoras. Estes, por sua independ\u00eancia editorial, distinguem-se dos canais estatais ou governamentais, com conte\u00fados diferenciados e complementares aos canais privados. Os ve\u00edculos da EBC t\u00eam autonomia para definir produ\u00e7\u00e3o, programa\u00e7\u00e3o e distribui\u00e7\u00e3o de conte\u00fados.<\/p>\n","protected":false},"excerpt":{"rendered":"<p>As tarifas cobradas pelos oito maiores bancos do pa\u00eds nos \u00faltimos tr\u00eas anos cresceram at\u00e9 169%, percentual 8,6 vezes superior \u00e0 infla\u00e7\u00e3o para o mesmo per\u00edodo, mostra a associa\u00e7\u00e3o de consumidores Proteste. O levantamento comparou as tarifas das cestas informadas nas tabelas das pr\u00f3prias institui\u00e7\u00f5es banc\u00e1rias. O maior aumento foi na cesta Exclusive F\u00e1cil (antiga [&hellip;]<\/p>\n","protected":false},"author":2,"featured_media":34916,"comment_status":"open","ping_status":"closed","sticky":false,"template":"","format":"standard","meta":{"_genesis_hide_title":false,"_genesis_hide_breadcrumbs":false,"_genesis_hide_singular_image":false,"_genesis_hide_footer_widgets":false,"_genesis_custom_body_class":"","_genesis_custom_post_class":"","_genesis_layout":"","_jetpack_memberships_contains_paid_content":false,"footnotes":""},"categories":[22,7],"tags":[],"class_list":{"0":"post-75720","1":"post","2":"type-post","3":"status-publish","4":"format-standard","5":"has-post-thumbnail","7":"category-brasil","8":"category-economia","9":"entry","10":"gs-1","11":"gs-odd","12":"gs-even","13":"gs-featured-content-entry"},"jetpack_featured_media_url":"https:\/\/www.redenoticia.com.br\/noticia\/imagens\/inflacao.jpg","jetpack_sharing_enabled":true,"jetpack_likes_enabled":true,"_links":{"self":[{"href":"https:\/\/www.redenoticia.com.br\/noticia\/wp-json\/wp\/v2\/posts\/75720","targetHints":{"allow":["GET"]}}],"collection":[{"href":"https:\/\/www.redenoticia.com.br\/noticia\/wp-json\/wp\/v2\/posts"}],"about":[{"href":"https:\/\/www.redenoticia.com.br\/noticia\/wp-json\/wp\/v2\/types\/post"}],"author":[{"embeddable":true,"href":"https:\/\/www.redenoticia.com.br\/noticia\/wp-json\/wp\/v2\/users\/2"}],"replies":[{"embeddable":true,"href":"https:\/\/www.redenoticia.com.br\/noticia\/wp-json\/wp\/v2\/comments?post=75720"}],"version-history":[{"count":0,"href":"https:\/\/www.redenoticia.com.br\/noticia\/wp-json\/wp\/v2\/posts\/75720\/revisions"}],"wp:featuredmedia":[{"embeddable":true,"href":"https:\/\/www.redenoticia.com.br\/noticia\/wp-json\/wp\/v2\/media\/34916"}],"wp:attachment":[{"href":"https:\/\/www.redenoticia.com.br\/noticia\/wp-json\/wp\/v2\/media?parent=75720"}],"wp:term":[{"taxonomy":"category","embeddable":true,"href":"https:\/\/www.redenoticia.com.br\/noticia\/wp-json\/wp\/v2\/categories?post=75720"},{"taxonomy":"post_tag","embeddable":true,"href":"https:\/\/www.redenoticia.com.br\/noticia\/wp-json\/wp\/v2\/tags?post=75720"}],"curies":[{"name":"wp","href":"https:\/\/api.w.org\/{rel}","templated":true}]}}