{"id":75717,"date":"2015-09-29T15:07:05","date_gmt":"2015-09-29T18:07:05","guid":{"rendered":"http:\/\/www.redenoticia.com.br\/noticia\/?p=75717"},"modified":"2015-09-29T15:07:05","modified_gmt":"2015-09-29T18:07:05","slug":"custo-medio-da-divida-publica-atinge-maior-nivel-em-seis-anos","status":"publish","type":"post","link":"https:\/\/www.redenoticia.com.br\/noticia\/2015\/custo-medio-da-divida-publica-atinge-maior-nivel-em-seis-anos\/75717","title":{"rendered":"Custo m\u00e9dio da d\u00edvida p\u00fablica atinge maior n\u00edvel em seis anos"},"content":{"rendered":"<p>A alta do d\u00f3lar, dos juros e da infla\u00e7\u00e3o ao mesmo tempo aumentou os custos para o governo se financiar no mercado financeiro. O custo m\u00e9dio da <strong><em>D\u00edvida P\u00fablica<\/em><\/strong> Federal (DPF) acumulado em 12 meses encerrou agosto em 15,93% ao ano, no maior n\u00edvel desde fevereiro de 2009.<\/p>\n<p>Segundo o coordenador-geral de Opera\u00e7\u00f5es da D\u00edvida P\u00fablica, Jos\u00e9 Franco de Morais, o principal fator para o aumento do custo em agosto foi a alta de 7,45% do d\u00f3lar em rela\u00e7\u00e3o ao real. No entanto, a taxa Selic (juros b\u00e1sicos da economia) e a infla\u00e7\u00e3o, que corrigem parte dos t\u00edtulos da d\u00edvida p\u00fablica, tamb\u00e9m influenciaram o custo.<\/p>\n<p>De acordo com Morais, o indicador tende a se estabilizar nos pr\u00f3ximos meses, com a manuten\u00e7\u00e3o da taxa Selic em 14,25% ao ano e com a perspectiva de desacelera\u00e7\u00e3o do \u00cdndice Nacional de Pre\u00e7os ao Consumidor Amplo (IPCA) nos pr\u00f3ximos meses.<\/p>\n<p>Ele, no entanto, informou que o c\u00e2mbio ainda pode provocar oscila\u00e7\u00f5es no custo m\u00e9dio da d\u00edvida at\u00e9 o fim do ano. \u201cO c\u00e2mbio est\u00e1 atravessando per\u00edodos de volatilidade. Sobe em alguns dias, mas cai em outros. \u00c9 completamente imprevis\u00edvel saber o impacto disso [na d\u00edvida p\u00fablica]\u201d, disse.<\/p>\n<p>Ao considerar apenas a d\u00edvida p\u00fablica externa, o custo m\u00e9dio da DPF em 12 meses subiu de 50% ao ano em julho para 62,11% ao ano em agosto. A alta, no entanto, n\u00e3o interfere significativamente no custo total da d\u00edvida porque a d\u00edvida externa representa apenas 5,1% da D\u00edvida P\u00fablica Federal.<\/p>\n<p>Sobre o impacto do rebaixamento do Brasil em eventuais emiss\u00f5es do Tesouro Nacional no exterior, o coordenador da D\u00edvida P\u00fablica disse que o pa\u00eds n\u00e3o tem pressa nem necessidade de se financiar no mercado internacional.<\/p>\n<p>\u201cO Tesouro est\u00e1 atento \u00e0s janelas de oportunidade [de emiss\u00e3o de t\u00edtulos externos]. Se elas aparecerem, a gente faz emiss\u00f5es, mas, no momento, n\u00e3o temos pressa nem necessidade de fazer isso\u201d, acrescentou.<\/p>\n<p>Por causa da volatilidade no mercado financeiro na semana passada, o Tesouro Nacional lan\u00e7ou um programa de leil\u00f5es de venda e de recompra de t\u00edtulos prefixados de longo prazo que vai at\u00e9 sexta-feira (2). O principal objetivo do programa \u00e9 reduzir as oscila\u00e7\u00f5es do mercado, dar uma refer\u00eancia de pre\u00e7os para os investidores negociarem os pap\u00e9is.<\/p>\n<p>\u201cO principal par\u00e2metro \u00e9 dar um referencial para o mercado secund\u00e1rio [mercado onde os investidores trocam pap\u00e9is entre si, sem comprar do Tesouro]. Nesta semana, percebemos que o mercado est\u00e1 mais calmo\u201d, declarou Morais.<\/p>\n<p>Apesar da queda da volatilidade, o leil\u00e3o de compra e de venda de t\u00edtulos de longo prazo previsto para hoje n\u00e3o foi realizado porque o Tesouro n\u00e3o aceitou os pre\u00e7os propostos pelos investidores.<\/p>\n<p>\u201cHouve uma dispers\u00e3o grande de pre\u00e7os, tanto para cima como para baixo, mas o programa tem vendido e comprado pap\u00e9is nos \u00faltimos dias e vai continuar at\u00e9 sexta-feira\u201d, concluiu o coordenador.<\/p>\n<p>Wellton M\u00e1ximo \u2013 Rep\u00f3rter da Ag\u00eancia Brasil<br \/>\nEdi\u00e7\u00e3o: Armando Cardoso<\/p>\n","protected":false},"excerpt":{"rendered":"<p>A alta do d\u00f3lar, dos juros e da infla\u00e7\u00e3o ao mesmo tempo aumentou os custos para o governo se financiar no mercado financeiro. O custo m\u00e9dio da D\u00edvida P\u00fablica Federal (DPF) acumulado em 12 meses encerrou agosto em 15,93% ao ano, no maior n\u00edvel desde fevereiro de 2009. Segundo o coordenador-geral de Opera\u00e7\u00f5es da D\u00edvida [&hellip;]<\/p>\n","protected":false},"author":2,"featured_media":57583,"comment_status":"open","ping_status":"closed","sticky":false,"template":"","format":"standard","meta":{"_genesis_hide_title":false,"_genesis_hide_breadcrumbs":false,"_genesis_hide_singular_image":false,"_genesis_hide_footer_widgets":false,"_genesis_custom_body_class":"","_genesis_custom_post_class":"","_genesis_layout":"","_jetpack_memberships_contains_paid_content":false,"footnotes":""},"categories":[22,7],"tags":[],"class_list":{"0":"post-75717","1":"post","2":"type-post","3":"status-publish","4":"format-standard","5":"has-post-thumbnail","7":"category-brasil","8":"category-economia","9":"entry","10":"gs-1","11":"gs-odd","12":"gs-even","13":"gs-featured-content-entry"},"jetpack_featured_media_url":"https:\/\/www.redenoticia.com.br\/noticia\/imagens\/economia-grafico.jpg","jetpack_sharing_enabled":true,"jetpack_likes_enabled":true,"_links":{"self":[{"href":"https:\/\/www.redenoticia.com.br\/noticia\/wp-json\/wp\/v2\/posts\/75717","targetHints":{"allow":["GET"]}}],"collection":[{"href":"https:\/\/www.redenoticia.com.br\/noticia\/wp-json\/wp\/v2\/posts"}],"about":[{"href":"https:\/\/www.redenoticia.com.br\/noticia\/wp-json\/wp\/v2\/types\/post"}],"author":[{"embeddable":true,"href":"https:\/\/www.redenoticia.com.br\/noticia\/wp-json\/wp\/v2\/users\/2"}],"replies":[{"embeddable":true,"href":"https:\/\/www.redenoticia.com.br\/noticia\/wp-json\/wp\/v2\/comments?post=75717"}],"version-history":[{"count":0,"href":"https:\/\/www.redenoticia.com.br\/noticia\/wp-json\/wp\/v2\/posts\/75717\/revisions"}],"wp:featuredmedia":[{"embeddable":true,"href":"https:\/\/www.redenoticia.com.br\/noticia\/wp-json\/wp\/v2\/media\/57583"}],"wp:attachment":[{"href":"https:\/\/www.redenoticia.com.br\/noticia\/wp-json\/wp\/v2\/media?parent=75717"}],"wp:term":[{"taxonomy":"category","embeddable":true,"href":"https:\/\/www.redenoticia.com.br\/noticia\/wp-json\/wp\/v2\/categories?post=75717"},{"taxonomy":"post_tag","embeddable":true,"href":"https:\/\/www.redenoticia.com.br\/noticia\/wp-json\/wp\/v2\/tags?post=75717"}],"curies":[{"name":"wp","href":"https:\/\/api.w.org\/{rel}","templated":true}]}}