{"id":75715,"date":"2015-09-29T15:06:02","date_gmt":"2015-09-29T18:06:02","guid":{"rendered":"http:\/\/www.redenoticia.com.br\/noticia\/?p=75715"},"modified":"2015-09-29T15:06:02","modified_gmt":"2015-09-29T18:06:02","slug":"emissao-de-titulos-faz-divida-publica-federal-subir-316-em-agosto","status":"publish","type":"post","link":"https:\/\/www.redenoticia.com.br\/noticia\/2015\/emissao-de-titulos-faz-divida-publica-federal-subir-316-em-agosto\/75715","title":{"rendered":"Emiss\u00e3o de t\u00edtulos faz D\u00edvida P\u00fablica Federal subir 3,16% em agosto"},"content":{"rendered":"<p>A emiss\u00e3o de t\u00edtulos prefixados e atrelados aos juros b\u00e1sicos fez a <strong><em>D\u00edvida P\u00fablica<\/em><\/strong> Federal (DPF) subir R$ 82,3 bilh\u00f5es em agosto. De acordo com dados divulgados h\u00e1 pouco pela Secretaria do Tesouro Nacional, a d\u00edvida fechou o m\u00eas passado em R$ 2,686 trilh\u00f5es, com alta de 3,16% em rela\u00e7\u00e3o a julho.<\/p>\n<p>A d\u00edvida p\u00fablica mobili\u00e1ria \u2013 em t\u00edtulos p\u00fablicos \u2013 interna subiu 3,10%, de R$ 2,475 trilh\u00f5es para R$ 2,552 trilh\u00f5es. Isso ocorreu porque, no m\u00eas passado, o Tesouro emitiu R$ 49,95 bilh\u00f5es em t\u00edtulos a mais do que emitiu e incorporou R$ 26,78 bilh\u00f5es em juros. O reconhecimento de juros ocorre porque a corre\u00e7\u00e3o que o Tesouro se compromete a pagar aos investidores \u00e9 incorporada gradualmente ao valor devido.<\/p>\n<p>A d\u00edvida p\u00fablica externa encerrou agosto em R$ 134,32 bilh\u00f5es, com alta de 4,35% em rela\u00e7\u00e3o ao valor de julho, quando tinha atingido R$ 122,35 bilh\u00f5es. O principal fator foi a alta de 7,45% do d\u00f3lar em rela\u00e7\u00e3o ao real no m\u00eas passado.<\/p>\n<p>Apesar do aumento em agosto, a DPF continua dentro das previs\u00f5es do Tesouro. De acordo com o Plano Anual de Financiamento, a tend\u00eancia \u00e9 que o estoque da DPF encerre o ano entre R$ 2,65 trilh\u00f5es e R$ 2,8 trilh\u00f5es.<\/p>\n<p>Por meio da d\u00edvida p\u00fablica, o governo pega emprestado dos investidores recursos para honrar compromissos. Em troca, compromete-se a devolver o dinheiro com alguma corre\u00e7\u00e3o, que pode ser definida com anteced\u00eancia, no caso dos t\u00edtulos prefixados, ou seguir a varia\u00e7\u00e3o da taxa Selic, da infla\u00e7\u00e3o ou do c\u00e2mbio.<\/p>\n<p>Wellton M\u00e1ximo \u2013 Rep\u00f3rter da Ag\u00eancia Brasil<br \/>\nEdi\u00e7\u00e3o: N\u00e1dia Franco<\/p>\n","protected":false},"excerpt":{"rendered":"<p>A emiss\u00e3o de t\u00edtulos prefixados e atrelados aos juros b\u00e1sicos fez a D\u00edvida P\u00fablica Federal (DPF) subir R$ 82,3 bilh\u00f5es em agosto. De acordo com dados divulgados h\u00e1 pouco pela Secretaria do Tesouro Nacional, a d\u00edvida fechou o m\u00eas passado em R$ 2,686 trilh\u00f5es, com alta de 3,16% em rela\u00e7\u00e3o a julho. A d\u00edvida p\u00fablica [&hellip;]<\/p>\n","protected":false},"author":2,"featured_media":38940,"comment_status":"open","ping_status":"closed","sticky":false,"template":"","format":"standard","meta":{"_genesis_hide_title":false,"_genesis_hide_breadcrumbs":false,"_genesis_hide_singular_image":false,"_genesis_hide_footer_widgets":false,"_genesis_custom_body_class":"","_genesis_custom_post_class":"","_genesis_layout":"","_jetpack_memberships_contains_paid_content":false,"footnotes":""},"categories":[22,7],"tags":[],"class_list":{"0":"post-75715","1":"post","2":"type-post","3":"status-publish","4":"format-standard","5":"has-post-thumbnail","7":"category-brasil","8":"category-economia","9":"entry","10":"gs-1","11":"gs-odd","12":"gs-even","13":"gs-featured-content-entry"},"jetpack_featured_media_url":"https:\/\/www.redenoticia.com.br\/noticia\/imagens\/grafico.jpg","jetpack_sharing_enabled":true,"jetpack_likes_enabled":true,"_links":{"self":[{"href":"https:\/\/www.redenoticia.com.br\/noticia\/wp-json\/wp\/v2\/posts\/75715","targetHints":{"allow":["GET"]}}],"collection":[{"href":"https:\/\/www.redenoticia.com.br\/noticia\/wp-json\/wp\/v2\/posts"}],"about":[{"href":"https:\/\/www.redenoticia.com.br\/noticia\/wp-json\/wp\/v2\/types\/post"}],"author":[{"embeddable":true,"href":"https:\/\/www.redenoticia.com.br\/noticia\/wp-json\/wp\/v2\/users\/2"}],"replies":[{"embeddable":true,"href":"https:\/\/www.redenoticia.com.br\/noticia\/wp-json\/wp\/v2\/comments?post=75715"}],"version-history":[{"count":0,"href":"https:\/\/www.redenoticia.com.br\/noticia\/wp-json\/wp\/v2\/posts\/75715\/revisions"}],"wp:featuredmedia":[{"embeddable":true,"href":"https:\/\/www.redenoticia.com.br\/noticia\/wp-json\/wp\/v2\/media\/38940"}],"wp:attachment":[{"href":"https:\/\/www.redenoticia.com.br\/noticia\/wp-json\/wp\/v2\/media?parent=75715"}],"wp:term":[{"taxonomy":"category","embeddable":true,"href":"https:\/\/www.redenoticia.com.br\/noticia\/wp-json\/wp\/v2\/categories?post=75715"},{"taxonomy":"post_tag","embeddable":true,"href":"https:\/\/www.redenoticia.com.br\/noticia\/wp-json\/wp\/v2\/tags?post=75715"}],"curies":[{"name":"wp","href":"https:\/\/api.w.org\/{rel}","templated":true}]}}