{"id":75676,"date":"2015-09-28T11:35:54","date_gmt":"2015-09-28T14:35:54","guid":{"rendered":"http:\/\/www.redenoticia.com.br\/noticia\/?p=75676"},"modified":"2015-09-28T11:35:54","modified_gmt":"2015-09-28T14:35:54","slug":"fmi-vai-rever-para-baixo-previsao-sobre-a-economia-mundial-em-2015-e-2016","status":"publish","type":"post","link":"https:\/\/www.redenoticia.com.br\/noticia\/2015\/fmi-vai-rever-para-baixo-previsao-sobre-a-economia-mundial-em-2015-e-2016\/75676","title":{"rendered":"FMI vai rever para baixo previs\u00e3o sobre a economia mundial em 2015 e 2016"},"content":{"rendered":"<p> O Fundo Monet\u00e1rio Internacional (FMI) vai rever em baixa as previs\u00f5es de <strong><em>crescimento da economia global<\/em><\/strong> para este ano e o pr\u00f3ximo, diante dos sinais de queda na recupera\u00e7\u00e3o dos pa\u00edses emergentes, informou a diretora-gerente, Christine Lagarde.<\/p>\n<p>Em entrevista publicada pelo jornal econ\u00f4mico franc\u00eas Les Echos, Lagarde disse que a previs\u00e3o de crescimento do Produto Interno Bruto (PIB) mundial, de 3,3% para este ano, &#8220;j\u00e1 n\u00e3o \u00e9 realista&#8221;, assim como tamb\u00e9m n\u00e3o \u00e9 a perspetiva de aumento de 3,8% para 2016. De qualquer forma, as novas estimativas v\u00e3o continuar &#8220;acima do limiar de 3%&#8221;.<\/p>\n<p>A diretora do FMI explicou que est\u00e1 sendo observada uma oscila\u00e7\u00e3o entre os pa\u00edses emergentes e os desenvolvidos, porque enquanto os primeiros, que puxavam o crescimento, est\u00e3o agora caindo, os outros aceleram o ritmo.<\/p>\n<p>Sobre a China, Christine Lagarde afirmou que a desacelera\u00e7\u00e3o &#8220;bem gerida \u00e9 uma boa not\u00edcia, desde que se consiga antecipar e integrar&#8221;.<\/p>\n<p>Ela acredita que o Sistema de Reserva Federal dos Estados Unidos (FED, a sigla em ingl\u00eas) ouviu o FMI ao manter as taxas de juros e ao aguardar a consolida\u00e7\u00e3o da recupera\u00e7\u00e3o dos Estados Unidos, antes de iniciar a invers\u00e3o de sua pol\u00edtica monet\u00e1ria.<\/p>\n<p>&#8220;N\u00e3o h\u00e1 raz\u00e3o para ter pressa&#8221;, especialmente porque se o FED tivesse de voltar atr\u00e1s, &#8220;isso seria mais destrutivo do que um movimento retardado&#8221;, disse.<\/p>\n<p>A diretora do FMI considera necess\u00e1rio impulsionar a atividade global e manter a atual pol\u00edtica monet\u00e1ria, mas acrescenta que isso n\u00e3o \u00e9 suficiente. Para ela, alguns pa\u00edses do euro, como a Alemanha e a Holanda, deveriam utilizar essa pol\u00edtica para estimular o consumo.<\/p>\n<p>Lagarde negou, contudo, que haja demasiada austeridade na zona do euro, desde que o esfor\u00e7o de ajuste no or\u00e7amento n\u00e3o exceda os 0,3% do PIB.<\/p>\n<p>Christine Lagarde, cujo mandato termina em julho de 2016, adiantou que o Conselho de Administra\u00e7\u00e3o do FMI pediu-lhe para ser candidata por mais um ano. Ela afirmou que sua decis\u00e3o vai depender de uma &#8220;dimens\u00e3o estritamente pessoal&#8221;, como a vida familiar.<\/p>\n<p>Descartou uma poss\u00edvel volta \u00e0 vida pol\u00edtica na Fran\u00e7a, onde foi ministra das Finan\u00e7as no governo do presidente Nicolas Sarkozy (2007-2012). &#8220;Honestamente, n\u00e3o creio que volte a fazer pol\u00edtica na Fran\u00e7a&#8221;, disse.<\/p>\n<p>Da Ag\u00eancia Lusa<br \/>\nEdi\u00e7\u00e3o: Gra\u00e7a Adjuto<\/p>\n","protected":false},"excerpt":{"rendered":"<p>O Fundo Monet\u00e1rio Internacional (FMI) vai rever em baixa as previs\u00f5es de crescimento da economia global para este ano e o pr\u00f3ximo, diante dos sinais de queda na recupera\u00e7\u00e3o dos pa\u00edses emergentes, informou a diretora-gerente, Christine Lagarde. Em entrevista publicada pelo jornal econ\u00f4mico franc\u00eas Les Echos, Lagarde disse que a previs\u00e3o de crescimento do Produto [&hellip;]<\/p>\n","protected":false},"author":2,"featured_media":57583,"comment_status":"open","ping_status":"closed","sticky":false,"template":"","format":"standard","meta":{"_genesis_hide_title":false,"_genesis_hide_breadcrumbs":false,"_genesis_hide_singular_image":false,"_genesis_hide_footer_widgets":false,"_genesis_custom_body_class":"","_genesis_custom_post_class":"","_genesis_layout":"","_jetpack_memberships_contains_paid_content":false,"footnotes":""},"categories":[22,7],"tags":[],"class_list":{"0":"post-75676","1":"post","2":"type-post","3":"status-publish","4":"format-standard","5":"has-post-thumbnail","7":"category-brasil","8":"category-economia","9":"entry","10":"gs-1","11":"gs-odd","12":"gs-even","13":"gs-featured-content-entry"},"jetpack_featured_media_url":"https:\/\/www.redenoticia.com.br\/noticia\/imagens\/economia-grafico.jpg","jetpack_sharing_enabled":true,"jetpack_likes_enabled":true,"_links":{"self":[{"href":"https:\/\/www.redenoticia.com.br\/noticia\/wp-json\/wp\/v2\/posts\/75676","targetHints":{"allow":["GET"]}}],"collection":[{"href":"https:\/\/www.redenoticia.com.br\/noticia\/wp-json\/wp\/v2\/posts"}],"about":[{"href":"https:\/\/www.redenoticia.com.br\/noticia\/wp-json\/wp\/v2\/types\/post"}],"author":[{"embeddable":true,"href":"https:\/\/www.redenoticia.com.br\/noticia\/wp-json\/wp\/v2\/users\/2"}],"replies":[{"embeddable":true,"href":"https:\/\/www.redenoticia.com.br\/noticia\/wp-json\/wp\/v2\/comments?post=75676"}],"version-history":[{"count":0,"href":"https:\/\/www.redenoticia.com.br\/noticia\/wp-json\/wp\/v2\/posts\/75676\/revisions"}],"wp:featuredmedia":[{"embeddable":true,"href":"https:\/\/www.redenoticia.com.br\/noticia\/wp-json\/wp\/v2\/media\/57583"}],"wp:attachment":[{"href":"https:\/\/www.redenoticia.com.br\/noticia\/wp-json\/wp\/v2\/media?parent=75676"}],"wp:term":[{"taxonomy":"category","embeddable":true,"href":"https:\/\/www.redenoticia.com.br\/noticia\/wp-json\/wp\/v2\/categories?post=75676"},{"taxonomy":"post_tag","embeddable":true,"href":"https:\/\/www.redenoticia.com.br\/noticia\/wp-json\/wp\/v2\/tags?post=75676"}],"curies":[{"name":"wp","href":"https:\/\/api.w.org\/{rel}","templated":true}]}}