{"id":75672,"date":"2015-09-28T11:25:42","date_gmt":"2015-09-28T14:25:42","guid":{"rendered":"http:\/\/www.redenoticia.com.br\/noticia\/?p=75672"},"modified":"2015-09-28T11:25:42","modified_gmt":"2015-09-28T14:25:42","slug":"degradacao-ambiental-ameaca-a-saude-humana","status":"publish","type":"post","link":"https:\/\/www.redenoticia.com.br\/noticia\/2015\/degradacao-ambiental-ameaca-a-saude-humana\/75672","title":{"rendered":"Degrada\u00e7\u00e3o ambiental amea\u00e7a a sa\u00fade humana"},"content":{"rendered":"<p>Elton Alisson | Ag\u00eancia FAPESP \u2013 A cont\u00ednua e r\u00e1pida <strong><em>degrada\u00e7\u00e3o dos sistemas naturais<\/em><\/strong> observada em todo o planeta coloca em risco a sa\u00fade humana e pode reverter conquistas obtidas nas \u00faltimas d\u00e9cadas, como o aumento da expectativa de vida.<\/p>\n<p>O alerta \u00e9 de dois relat\u00f3rios globais publicados simultaneamente nos \u00faltimos meses \u2013 um no fim de junho pelo Secretariado da Conven\u00e7\u00e3o da Diversidade Biol\u00f3gica (CDB) da Organiza\u00e7\u00e3o das Na\u00e7\u00f5es Unidas (ONU), em parceria com a Organiza\u00e7\u00e3o Mundial da Sa\u00fade (OMS), e o outro no m\u00eas seguinte pela Rockefeller Foundation, dos Estados Unidos, em colabora\u00e7\u00e3o com a revistaLancet, do Reino Unido.<\/p>\n<p>As duas publica\u00e7\u00f5es foram lan\u00e7adas no Brasil no dia 24 de setembro, durante o painel \u201cPlanetary health: a challenge for individual health\u201d, realizado no campus da Universidade de S\u00e3o Paulo (USP) na capital paulista.<\/p>\n<p>\u201cOs dois relat\u00f3rios se complementam e resumem o atual conhecimento cient\u00edfico sobre as rela\u00e7\u00f5es entre sa\u00fade e meio ambiente\u201d, disse Braulio Ferreira de Souza Dias, secret\u00e1rio executivo da CDB, em sua palestra durante o evento.<\/p>\n<p>Intitulado Connecting Global Priorities: Biodiversity and Human Health, o relat\u00f3rio lan\u00e7ado pela CDB em colabora\u00e7\u00e3o com a OMS aponta que a degrada\u00e7\u00e3o ambiental tem causado o decl\u00ednio da biodiversidade e de servi\u00e7os ecossist\u00eamicos no mundo, como o fornecimento de \u00e1gua, alimentos e ar limpo.<\/p>\n<p>O decl\u00ednio desses servi\u00e7os ecossist\u00eamicos representa um risco crescente para a sa\u00fade humana e para a sustentabilidade econ\u00f4mica do planeta, avaliam os autores do documento.<\/p>\n<p>\u201cDiferentemente das mudan\u00e7as clim\u00e1ticas, que podem se manifestar por meio de eventos extremos muito percept\u00edveis, como maior frequ\u00eancia de secas e inunda\u00e7\u00f5es, a perda de biodiversidade e dos servi\u00e7os ecossist\u00eamicos pela degrada\u00e7\u00e3o ambiental \u00e9 um processo lento, cont\u00ednuo e pouco vis\u00edvel. Por isso, a maior parte das pessoas n\u00e3o se d\u00e1 conta disso\u201d, afirmou Dias.<\/p>\n<p>O relat\u00f3rio indica que a cont\u00ednua degrada\u00e7\u00e3o ambiental j\u00e1 causou a perda de mais de 80% da vegeta\u00e7\u00e3o herb\u00e1cea, al\u00e9m de 90% de todas as \u00e1reas \u00famidas e dos estoques de peixes de maior porte no mundo.<\/p>\n<p>Al\u00e9m disso, tamb\u00e9m resultou na perda de mais de 90% da variedade gen\u00e9tica de esp\u00e9cies de trigo, arroz e frutas, como ma\u00e7\u00e3, nas \u00faltimas d\u00e9cadas.<\/p>\n<p>\u201cA perda dessa diversidade de cultivares est\u00e1 tornando a popula\u00e7\u00e3o mundial mais vulner\u00e1vel a surtos de pragas agr\u00edcolas e a um colapso na oferta de alimentos\u201d, disse Dias.<\/p>\n<p>Segundo ele, muitos dos fatores que est\u00e3o causando a degrada\u00e7\u00e3o ambiental mundialmente s\u00e3o os mesmos que est\u00e3o levando \u00e0 perda de qualidade da sa\u00fade humana.<\/p>\n<p>Entre esses fatores est\u00e3o as mudan\u00e7as no uso da terra, sobre-explota\u00e7\u00e3o de recursos biol\u00f3gicos, polui\u00e7\u00e3o, dispers\u00e3o de esp\u00e9cies ex\u00f3ticas e invasoras, al\u00e9m das mudan\u00e7as clim\u00e1ticas e a acidifica\u00e7\u00e3o dos oceanos.<\/p>\n<p>Os desequil\u00edbrios nos ecossistemas causados por essas formas de degrada\u00e7\u00e3o ambiental provocam surtos de doen\u00e7as, como as causadas por ebola e hantav\u00edrus, aponta o relat\u00f3rio.<\/p>\n<p>\u201cO empobrecimento de ecossistemas leva \u00e0 prolifera\u00e7\u00e3o de organismos que s\u00e3o hospedeiros ou vetores de doen\u00e7as. H\u00e1, claramente, uma rela\u00e7\u00e3o entre doen\u00e7as e desequil\u00edbrios de ecossistemas\u201d, afirmou Dias.<\/p>\n<p>Os barbeiros (Triatoma infestans), que transmitem a doen\u00e7a de Chagas, por exemplo, preferem se acomodar em palmeiras \u2013 plantas que se proliferam em \u00e1reas que sofreram degrada\u00e7\u00e3o ambiental.<\/p>\n<p>Ao desmatar uma \u00e1rea de floresta, as palmeiras rebrotam e facilitam a prolifera\u00e7\u00e3o do inseto, explicou Dias.<\/p>\n<p>J\u00e1 o vibri\u00e3o (Vibrio cholerae) respons\u00e1vel por causar a c\u00f3lera est\u00e1 presente em todas as zonas costeiras do mundo inteiro, geralmente sem causar problemas.<\/p>\n<p>A polui\u00e7\u00e3o resultante de eutrofiza\u00e7\u00e3o \u2013 excesso de nutrientes \u2013 que chega a zonas costeiras causa um fen\u00f4meno chamado mar\u00e9 vermelha e a destrui\u00e7\u00e3o de microcrust\u00e1ceos que habitavam aquela regi\u00e3o, exemplificou Dias.<\/p>\n<p>\u201cO recente surto de ebola, na \u00c1frica, tamb\u00e9m est\u00e1 associado \u00e0 quebra do equil\u00edbrio da rela\u00e7\u00e3o humana com os ecossistemas\u201d, afirmou.<\/p>\n<p>\u201cO consumo de carne de animais silvestres por popula\u00e7\u00f5es pobres no interior de \u00e1reas florestais, em raz\u00e3o da falta de op\u00e7\u00e3o de outros alimentos, est\u00e1 fazendo com que entrem em contato com a doen\u00e7a causada pelo v\u00edrus ebola e outras zoonoses\u201d, avaliou.<\/p>\n<p>A\u00e7\u00f5es urgentes<\/p>\n<p>O relat\u00f3rio Safeguarding human health in the Anthropocene epoch, da Rockefeller Foundation em parceria com a Lancet, ressalta que os perigos apresentados \u00e0 esp\u00e9cie humana em raz\u00e3o da degrada\u00e7\u00e3o ambiental exigir\u00e3o uma a\u00e7\u00e3o coletiva urgente, tanto em n\u00edvel global como local, e a coopera\u00e7\u00e3o ser\u00e1 indispens\u00e1vel.<\/p>\n<p>A C\u00fapula das Na\u00e7\u00f5es Unidas sobre Desenvolvimento Sustent\u00e1vel, realizada este fim de semana na sede da ONU, em Nova York \u2013 em que os pa\u00edses passaram a adotar oficialmente os Objetivos de Desenvolvimento Sustent\u00e1vel (ODS) \u2013, e a 21\u00aa Confer\u00eancia das Na\u00e7\u00f5es Unidas sobre o Clima (COP21), em Paris, no in\u00edcio de dezembro, representam uma janela de oportunidades para colocar em pauta a discuss\u00e3o sobre os impactos da degrada\u00e7\u00e3o ambiental na sa\u00fade na agenda global, avaliam os autores do relat\u00f3rio.<\/p>\n<p>\u201c\u00c9 necess\u00e1rio que os pa\u00edses se empenhem em atacar as causas das mudan\u00e7as ambientais, promovendo padr\u00f5es sustent\u00e1veis e equitativos de consumo, controlando o crescimento de suas popula\u00e7\u00f5es e que usem o poder das novas tecnologias para promover mudan\u00e7as\u201d, disse Sir Andy Haines, professor da London School of Hygiene and Tropical Medicine, em sua palestra por videconfer\u00eancia durante o evento.<\/p>\n<p>Algumas das medidas apontadas pelo relat\u00f3rio para diminuir os impactos da degrada\u00e7\u00e3o ambiental na sa\u00fade humana s\u00e3o proteger os recursos h\u00eddricos, combater e reduzir o desperd\u00edcio de alimentos, investir em planos escal\u00e1veis e modelos de financiamento para a implementa\u00e7\u00e3o de energias renov\u00e1veis e incentivar o investimento regional em infraestrutura de transporte urbano.<\/p>\n<p>Os investimentos em transporte p\u00fablico urbano podem ser ben\u00e9ficos tanto para a sa\u00fade cardiovascular das popula\u00e7\u00f5es como tamb\u00e9m para a sa\u00fade ambiental, ressaltam os autores do relat\u00f3rio.<\/p>\n<p>\u201cAs solu\u00e7\u00f5es devem se basear na redefini\u00e7\u00e3o de prosperidade, com foco na melhoria da qualidade de vida e na promo\u00e7\u00e3o da sa\u00fade, juntamente com o respeito pela integridade dos ecossistemas\u201d, disse Haines.<\/p>\n<p>O encontro teve a participa\u00e7\u00e3o de Jos\u00e9 Goldemberg, presidente da FAPESP, e de representantes da Secretaria do Meio Ambiente do Estado de S\u00e3o Paulo, da USP e dos hospitais S\u00edrio Liban\u00eas e Albert Einstein.<\/p>\n<p>Na avalia\u00e7\u00e3o de Goldemberg, a pesquisa cient\u00edfica pode auxiliar muito na busca de solu\u00e7\u00f5es para a diminui\u00e7\u00e3o de causas da degrada\u00e7\u00e3o ambiental, que, eventualmente, podem contribuir com outras \u00e1reas, al\u00e9m da sa\u00fade.<\/p>\n<p>A descoberta de que a palha da cana-de-a\u00e7\u00facar poderia ser usada para gerar eletricidade fez com que a pr\u00e1tica da queima da planta para a colheita manual fosse substitu\u00edda pela colheita mecanizada da cana crua nos canaviais no Estado de S\u00e3o Paulo, exemplificou.<\/p>\n<p>\u201cO aproveitamento desse subproduto da cana-de-a\u00e7\u00facar contribuiu para diminuir a polui\u00e7\u00e3o, est\u00e1 ajudando a gerar lucros para as usinas e produzir eletricidade para o pa\u00eds\u201d, avaliou Goldemberg.<\/p>\n<p>\u201c\u00c9 preciso olhar para as causas e consequ\u00eancias da degrada\u00e7\u00e3o ambiental, que podem resultar em solu\u00e7\u00f5es como essa\u201d, afirmou.<\/p>\n<p>O relat\u00f3rio Connecting Global Priorities: Biodiversity and Human Health pode ser acessado em\u00a0.<\/p>\n<p>E o relat\u00f3rio Safeguarding human health in the Anthropocene epoch pode ser acessado em\u00a0.<\/p>\n","protected":false},"excerpt":{"rendered":"<p>Elton Alisson | Ag\u00eancia FAPESP \u2013 A cont\u00ednua e r\u00e1pida degrada\u00e7\u00e3o dos sistemas naturais observada em todo o planeta coloca em risco a sa\u00fade humana e pode reverter conquistas obtidas nas \u00faltimas d\u00e9cadas, como o aumento da expectativa de vida. O alerta \u00e9 de dois relat\u00f3rios globais publicados simultaneamente nos \u00faltimos meses \u2013 um no [&hellip;]<\/p>\n","protected":false},"author":2,"featured_media":34905,"comment_status":"open","ping_status":"closed","sticky":false,"template":"","format":"standard","meta":{"_genesis_hide_title":false,"_genesis_hide_breadcrumbs":false,"_genesis_hide_singular_image":false,"_genesis_hide_footer_widgets":false,"_genesis_custom_body_class":"","_genesis_custom_post_class":"","_genesis_layout":"","_jetpack_memberships_contains_paid_content":false,"footnotes":""},"categories":[22],"tags":[],"class_list":{"0":"post-75672","1":"post","2":"type-post","3":"status-publish","4":"format-standard","5":"has-post-thumbnail","7":"category-brasil","8":"entry","9":"gs-1","10":"gs-odd","11":"gs-even","12":"gs-featured-content-entry"},"jetpack_featured_media_url":"https:\/\/www.redenoticia.com.br\/noticia\/imagens\/codigo-florestal.jpg","jetpack_sharing_enabled":true,"jetpack_likes_enabled":true,"_links":{"self":[{"href":"https:\/\/www.redenoticia.com.br\/noticia\/wp-json\/wp\/v2\/posts\/75672","targetHints":{"allow":["GET"]}}],"collection":[{"href":"https:\/\/www.redenoticia.com.br\/noticia\/wp-json\/wp\/v2\/posts"}],"about":[{"href":"https:\/\/www.redenoticia.com.br\/noticia\/wp-json\/wp\/v2\/types\/post"}],"author":[{"embeddable":true,"href":"https:\/\/www.redenoticia.com.br\/noticia\/wp-json\/wp\/v2\/users\/2"}],"replies":[{"embeddable":true,"href":"https:\/\/www.redenoticia.com.br\/noticia\/wp-json\/wp\/v2\/comments?post=75672"}],"version-history":[{"count":0,"href":"https:\/\/www.redenoticia.com.br\/noticia\/wp-json\/wp\/v2\/posts\/75672\/revisions"}],"wp:featuredmedia":[{"embeddable":true,"href":"https:\/\/www.redenoticia.com.br\/noticia\/wp-json\/wp\/v2\/media\/34905"}],"wp:attachment":[{"href":"https:\/\/www.redenoticia.com.br\/noticia\/wp-json\/wp\/v2\/media?parent=75672"}],"wp:term":[{"taxonomy":"category","embeddable":true,"href":"https:\/\/www.redenoticia.com.br\/noticia\/wp-json\/wp\/v2\/categories?post=75672"},{"taxonomy":"post_tag","embeddable":true,"href":"https:\/\/www.redenoticia.com.br\/noticia\/wp-json\/wp\/v2\/tags?post=75672"}],"curies":[{"name":"wp","href":"https:\/\/api.w.org\/{rel}","templated":true}]}}