{"id":75590,"date":"2015-09-25T08:01:05","date_gmt":"2015-09-25T11:01:05","guid":{"rendered":"http:\/\/www.redenoticia.com.br\/noticia\/?p=75590"},"modified":"2015-09-25T08:01:05","modified_gmt":"2015-09-25T11:01:05","slug":"petrobras-reajusta-o-preco-do-gas-em-11-no-segundo-aumento-este-mes","status":"publish","type":"post","link":"https:\/\/www.redenoticia.com.br\/noticia\/2015\/petrobras-reajusta-o-preco-do-gas-em-11-no-segundo-aumento-este-mes\/75590","title":{"rendered":"Petrobras reajusta o pre\u00e7o do g\u00e1s em 11%, no segundo aumento este m\u00eas"},"content":{"rendered":"<p> A <strong><em>Petrobras reajustou os pre\u00e7os de comercializa\u00e7\u00e3o do G\u00e1s<\/em><\/strong> Liquefeito de Petr\u00f3leo (GLP), para uso industrial, comercial e granel, com percentual m\u00e9dio de 11%.<\/p>\n<p>De acordo com a companhia, este alinhamento dos pre\u00e7os do GLP N\u00e3o abrange o produto destinado ao uso residencial, conhecido como g\u00e1s de cozinha, que j\u00e1 havia sido reajustado no primeiro dia deste m\u00eas.<\/p>\n<p>A Petrobras estima que o impacto desse reajuste no pre\u00e7o de venda ao consumidor final, que varia de acordo com a sua destina\u00e7\u00e3o, ser\u00e1 da ordem de 5%.<\/p>\n<p>O presidente do Sindig\u00e1s-RJ, S\u00e9rgio Bandeira de Mello, disse que o reajuste foi uma surpresa, porque no dia 1\u00b0 de setembro houve um aumento de 15% para cilindro de at\u00e9 13 kg e agora foi repetido o aumento. \u201cPara n\u00f3s, \u00e9 uma surpresa porque o pre\u00e7o que eles [Petrobras] est\u00e3o cobrando est\u00e1 pelo menos 63% mais alto do que o pre\u00e7o da paridade de importa\u00e7\u00e3o. Ent\u00e3o, \u00e9 um aumento que n\u00e3o foi pouco importante\u201d, explicou.<\/p>\n<p>Segundo Bandeira de Mello, 29% do produto comercializado no Brasil \u00e9 vendido em embalagens acima de 13kg: \u201cEnt\u00e3o, vai ter um impacto no bolso do consumidor e do com\u00e9rcio &#8211; padarias, hot\u00e9is, restaurantes &#8211; ou seja, todo mundo que utiliza esse cilindro acima de 13 kg\u201d.<\/p>\n<p>Douglas Correa &#8211; Rep\u00f3rter da Ag\u00eancia Brasil<br \/>\nEdi\u00e7\u00e3o: Jorge Wamburg<\/p>\n","protected":false},"excerpt":{"rendered":"<p>A Petrobras reajustou os pre\u00e7os de comercializa\u00e7\u00e3o do G\u00e1s Liquefeito de Petr\u00f3leo (GLP), para uso industrial, comercial e granel, com percentual m\u00e9dio de 11%. De acordo com a companhia, este alinhamento dos pre\u00e7os do GLP N\u00e3o abrange o produto destinado ao uso residencial, conhecido como g\u00e1s de cozinha, que j\u00e1 havia sido reajustado no primeiro [&hellip;]<\/p>\n","protected":false},"author":2,"featured_media":38940,"comment_status":"open","ping_status":"closed","sticky":false,"template":"","format":"standard","meta":{"_genesis_hide_title":false,"_genesis_hide_breadcrumbs":false,"_genesis_hide_singular_image":false,"_genesis_hide_footer_widgets":false,"_genesis_custom_body_class":"","_genesis_custom_post_class":"","_genesis_layout":"","_jetpack_memberships_contains_paid_content":false,"footnotes":""},"categories":[22,7],"tags":[],"class_list":{"0":"post-75590","1":"post","2":"type-post","3":"status-publish","4":"format-standard","5":"has-post-thumbnail","7":"category-brasil","8":"category-economia","9":"entry","10":"gs-1","11":"gs-odd","12":"gs-even","13":"gs-featured-content-entry"},"jetpack_featured_media_url":"https:\/\/www.redenoticia.com.br\/noticia\/imagens\/grafico.jpg","jetpack_sharing_enabled":true,"jetpack_likes_enabled":true,"_links":{"self":[{"href":"https:\/\/www.redenoticia.com.br\/noticia\/wp-json\/wp\/v2\/posts\/75590","targetHints":{"allow":["GET"]}}],"collection":[{"href":"https:\/\/www.redenoticia.com.br\/noticia\/wp-json\/wp\/v2\/posts"}],"about":[{"href":"https:\/\/www.redenoticia.com.br\/noticia\/wp-json\/wp\/v2\/types\/post"}],"author":[{"embeddable":true,"href":"https:\/\/www.redenoticia.com.br\/noticia\/wp-json\/wp\/v2\/users\/2"}],"replies":[{"embeddable":true,"href":"https:\/\/www.redenoticia.com.br\/noticia\/wp-json\/wp\/v2\/comments?post=75590"}],"version-history":[{"count":0,"href":"https:\/\/www.redenoticia.com.br\/noticia\/wp-json\/wp\/v2\/posts\/75590\/revisions"}],"wp:featuredmedia":[{"embeddable":true,"href":"https:\/\/www.redenoticia.com.br\/noticia\/wp-json\/wp\/v2\/media\/38940"}],"wp:attachment":[{"href":"https:\/\/www.redenoticia.com.br\/noticia\/wp-json\/wp\/v2\/media?parent=75590"}],"wp:term":[{"taxonomy":"category","embeddable":true,"href":"https:\/\/www.redenoticia.com.br\/noticia\/wp-json\/wp\/v2\/categories?post=75590"},{"taxonomy":"post_tag","embeddable":true,"href":"https:\/\/www.redenoticia.com.br\/noticia\/wp-json\/wp\/v2\/tags?post=75590"}],"curies":[{"name":"wp","href":"https:\/\/api.w.org\/{rel}","templated":true}]}}