{"id":75588,"date":"2015-09-25T08:00:05","date_gmt":"2015-09-25T11:00:05","guid":{"rendered":"http:\/\/www.redenoticia.com.br\/noticia\/?p=75588"},"modified":"2015-09-25T08:02:43","modified_gmt":"2015-09-25T11:02:43","slug":"confianca-do-consumidor-cai-53-em-setembro-diz-fgv","status":"publish","type":"post","link":"https:\/\/www.redenoticia.com.br\/noticia\/2015\/confianca-do-consumidor-cai-53-em-setembro-diz-fgv\/75588","title":{"rendered":"Confian\u00e7a do consumidor cai 5,3% em setembro, diz FGV"},"content":{"rendered":"<p> O <strong><em>\u00cdndice de Confian\u00e7a do Consumidor<\/em><\/strong> (ICC) recuou 5,3% em setembro de 2015, informou o Instituto Brasileiro de Economia (Ibre) da Funda\u00e7\u00e3o Getulio Vargas (FGV). O ICC indica o planejamento do consumidor em rela\u00e7\u00e3o a gastos e poupan\u00e7a futuras, constituindo indicadores relevantes na antecipa\u00e7\u00e3o dos rumos da economia.<\/p>\n<p>Segundo a coordenadora da Sondagem do Consumidor da FGV, Viviane Seda Bittencourt, a queda do ICC em setembro decorre da piora de expectativas ao longo dos \u00faltimos 12 meses: enfraquecimento da atividade econ\u00f4mica, com reflexo crescente no mercado de trabalho, acelera\u00e7\u00e3o da infla\u00e7\u00e3o e aumento da incerteza. Viviane acrescentou que, para mudar esse cen\u00e1rio &#8220;ser\u00e1 necess\u00e1ria uma sucess\u00e3o de boas not\u00edcias no front econ\u00f4mico e da atenua\u00e7\u00e3o das tens\u00f5es no ambiente pol\u00edtico\u201d.<\/p>\n<p>De acordo com a sondagem, em setembro, o \u00cdndice da Situa\u00e7\u00e3o Atual recuou 6%. A compra de bens dur\u00e1veis foi o fator que mais contribuiu para a \u00cdndice de Expectativas (IE), que teve queda de 5,4%.<\/p>\n<p>A sondagem feita pela FGV abrangeu 2363 domic\u00edlios, no per\u00edodo de 1 a 21 de setembro<\/p>\n<p>Nielmar de Oliveira \u2013 Rep\u00f3rter da Ag\u00eancia Brasil<br \/>\nEdi\u00e7\u00e3o: Jos\u00e9 Romildo<\/p>\n","protected":false},"excerpt":{"rendered":"<p>O \u00cdndice de Confian\u00e7a do Consumidor (ICC) recuou 5,3% em setembro de 2015, informou o Instituto Brasileiro de Economia (Ibre) da Funda\u00e7\u00e3o Getulio Vargas (FGV). O ICC indica o planejamento do consumidor em rela\u00e7\u00e3o a gastos e poupan\u00e7a futuras, constituindo indicadores relevantes na antecipa\u00e7\u00e3o dos rumos da economia. Segundo a coordenadora da Sondagem do Consumidor [&hellip;]<\/p>\n","protected":false},"author":2,"featured_media":57583,"comment_status":"open","ping_status":"closed","sticky":false,"template":"","format":"standard","meta":{"_genesis_hide_title":false,"_genesis_hide_breadcrumbs":false,"_genesis_hide_singular_image":false,"_genesis_hide_footer_widgets":false,"_genesis_custom_body_class":"","_genesis_custom_post_class":"","_genesis_layout":"","_jetpack_memberships_contains_paid_content":false,"footnotes":""},"categories":[22,7],"tags":[],"class_list":{"0":"post-75588","1":"post","2":"type-post","3":"status-publish","4":"format-standard","5":"has-post-thumbnail","7":"category-brasil","8":"category-economia","9":"entry","10":"gs-1","11":"gs-odd","12":"gs-even","13":"gs-featured-content-entry"},"jetpack_featured_media_url":"https:\/\/www.redenoticia.com.br\/noticia\/imagens\/economia-grafico.jpg","jetpack_sharing_enabled":true,"jetpack_likes_enabled":true,"_links":{"self":[{"href":"https:\/\/www.redenoticia.com.br\/noticia\/wp-json\/wp\/v2\/posts\/75588","targetHints":{"allow":["GET"]}}],"collection":[{"href":"https:\/\/www.redenoticia.com.br\/noticia\/wp-json\/wp\/v2\/posts"}],"about":[{"href":"https:\/\/www.redenoticia.com.br\/noticia\/wp-json\/wp\/v2\/types\/post"}],"author":[{"embeddable":true,"href":"https:\/\/www.redenoticia.com.br\/noticia\/wp-json\/wp\/v2\/users\/2"}],"replies":[{"embeddable":true,"href":"https:\/\/www.redenoticia.com.br\/noticia\/wp-json\/wp\/v2\/comments?post=75588"}],"version-history":[{"count":0,"href":"https:\/\/www.redenoticia.com.br\/noticia\/wp-json\/wp\/v2\/posts\/75588\/revisions"}],"wp:featuredmedia":[{"embeddable":true,"href":"https:\/\/www.redenoticia.com.br\/noticia\/wp-json\/wp\/v2\/media\/57583"}],"wp:attachment":[{"href":"https:\/\/www.redenoticia.com.br\/noticia\/wp-json\/wp\/v2\/media?parent=75588"}],"wp:term":[{"taxonomy":"category","embeddable":true,"href":"https:\/\/www.redenoticia.com.br\/noticia\/wp-json\/wp\/v2\/categories?post=75588"},{"taxonomy":"post_tag","embeddable":true,"href":"https:\/\/www.redenoticia.com.br\/noticia\/wp-json\/wp\/v2\/tags?post=75588"}],"curies":[{"name":"wp","href":"https:\/\/api.w.org\/{rel}","templated":true}]}}