{"id":75586,"date":"2015-09-25T07:58:51","date_gmt":"2015-09-25T10:58:51","guid":{"rendered":"http:\/\/www.redenoticia.com.br\/noticia\/?p=75586"},"modified":"2015-09-25T07:58:51","modified_gmt":"2015-09-25T10:58:51","slug":"rendimento-do-trabalhador-tem-perda-de-35-no-poder-de-compra-em-um-ano","status":"publish","type":"post","link":"https:\/\/www.redenoticia.com.br\/noticia\/2015\/rendimento-do-trabalhador-tem-perda-de-35-no-poder-de-compra-em-um-ano\/75586","title":{"rendered":"Rendimento do trabalhador tem perda de 3,5% no poder de compra em um ano"},"content":{"rendered":"<p> O <strong><em>rendimento m\u00e9dio real habitual do trabalhador<\/em><\/strong> ficou em R$ 2.185,50 em agosto deste ano. O valor \u00e9 0,5% superior ao registrado em julho deste ano. No entanto, na compara\u00e7\u00e3o com agosto do ano passado, o rendimento recuou 3,5%, segundo dados da Pesquisa Mensal de Emprego (PME), divulgados pelo Instituto Brasileiro de Geografia e Estat\u00edstica (IBGE).<\/p>\n<p>Na compara\u00e7\u00e3o com julho, os rendimentos dos empregados com carteira assinada cresceram 1,3%, enquanto os daqueles sem carteira assinada ca\u00edram 6,2%. Entre os grupamentos de atividade, nesse tipo de compara\u00e7\u00e3o, houve altas em outros servi\u00e7os (6,3%), na constru\u00e7\u00e3o (4,6%) e nos servi\u00e7os dom\u00e9sticos (1,4%), enquanto foram registradas quedas de 2,4% na educa\u00e7\u00e3o, sa\u00fade e administra\u00e7\u00e3o p\u00fablica e de 1,1% no com\u00e9rcio.<\/p>\n<p>Na compara\u00e7\u00e3o com agosto do ano passado, houve quedas de 3,4% nos rendimentos dos empregos com carteira assinada e de 12,6% nos empregos sem carteira. Entre os grupamentos de atividade, a \u00fanica alta foi em outros servi\u00e7os (3,3%), enquanto as outras seis atividades tiveram queda, com destaque para os rendimentos da constru\u00e7\u00e3o (-6,4%) e o com\u00e9rcio (-5,9%).<\/p>\n<p>Vitor Abdala &#8211; Rep\u00f3rter da Ag\u00eancia Brasil<br \/>\nEdi\u00e7\u00e3o: Gra\u00e7a Adjuto<\/p>\n","protected":false},"excerpt":{"rendered":"<p>O rendimento m\u00e9dio real habitual do trabalhador ficou em R$ 2.185,50 em agosto deste ano. O valor \u00e9 0,5% superior ao registrado em julho deste ano. No entanto, na compara\u00e7\u00e3o com agosto do ano passado, o rendimento recuou 3,5%, segundo dados da Pesquisa Mensal de Emprego (PME), divulgados pelo Instituto Brasileiro de Geografia e Estat\u00edstica [&hellip;]<\/p>\n","protected":false},"author":2,"featured_media":40734,"comment_status":"open","ping_status":"closed","sticky":false,"template":"","format":"standard","meta":{"_genesis_hide_title":false,"_genesis_hide_breadcrumbs":false,"_genesis_hide_singular_image":false,"_genesis_hide_footer_widgets":false,"_genesis_custom_body_class":"","_genesis_custom_post_class":"","_genesis_layout":"","_jetpack_memberships_contains_paid_content":false,"footnotes":""},"categories":[22,7],"tags":[],"class_list":{"0":"post-75586","1":"post","2":"type-post","3":"status-publish","4":"format-standard","5":"has-post-thumbnail","7":"category-brasil","8":"category-economia","9":"entry","10":"gs-1","11":"gs-odd","12":"gs-even","13":"gs-featured-content-entry"},"jetpack_featured_media_url":"https:\/\/www.redenoticia.com.br\/noticia\/imagens\/economia-resultados.jpg","jetpack_sharing_enabled":true,"jetpack_likes_enabled":true,"_links":{"self":[{"href":"https:\/\/www.redenoticia.com.br\/noticia\/wp-json\/wp\/v2\/posts\/75586","targetHints":{"allow":["GET"]}}],"collection":[{"href":"https:\/\/www.redenoticia.com.br\/noticia\/wp-json\/wp\/v2\/posts"}],"about":[{"href":"https:\/\/www.redenoticia.com.br\/noticia\/wp-json\/wp\/v2\/types\/post"}],"author":[{"embeddable":true,"href":"https:\/\/www.redenoticia.com.br\/noticia\/wp-json\/wp\/v2\/users\/2"}],"replies":[{"embeddable":true,"href":"https:\/\/www.redenoticia.com.br\/noticia\/wp-json\/wp\/v2\/comments?post=75586"}],"version-history":[{"count":0,"href":"https:\/\/www.redenoticia.com.br\/noticia\/wp-json\/wp\/v2\/posts\/75586\/revisions"}],"wp:featuredmedia":[{"embeddable":true,"href":"https:\/\/www.redenoticia.com.br\/noticia\/wp-json\/wp\/v2\/media\/40734"}],"wp:attachment":[{"href":"https:\/\/www.redenoticia.com.br\/noticia\/wp-json\/wp\/v2\/media?parent=75586"}],"wp:term":[{"taxonomy":"category","embeddable":true,"href":"https:\/\/www.redenoticia.com.br\/noticia\/wp-json\/wp\/v2\/categories?post=75586"},{"taxonomy":"post_tag","embeddable":true,"href":"https:\/\/www.redenoticia.com.br\/noticia\/wp-json\/wp\/v2\/tags?post=75586"}],"curies":[{"name":"wp","href":"https:\/\/api.w.org\/{rel}","templated":true}]}}