{"id":75584,"date":"2015-09-25T07:57:34","date_gmt":"2015-09-25T10:57:34","guid":{"rendered":"http:\/\/www.redenoticia.com.br\/noticia\/?p=75584"},"modified":"2015-09-25T07:57:34","modified_gmt":"2015-09-25T10:57:34","slug":"pronatec-cursos-nao-dao-vantagem-na-reinsercao-no-mercado-de-trabalho-formal","status":"publish","type":"post","link":"https:\/\/www.redenoticia.com.br\/noticia\/2015\/pronatec-cursos-nao-dao-vantagem-na-reinsercao-no-mercado-de-trabalho-formal\/75584","title":{"rendered":"Pronatec: cursos n\u00e3o d\u00e3o vantagem na reinser\u00e7\u00e3o no mercado de trabalho formal"},"content":{"rendered":"<p> Estudo apresentado pelo Minist\u00e9rio da Fazenda mostra que profissionais que participaram do Programa Nacional de Acesso ao Ensino T\u00e9cnico e Emprego (<strong><em>Pronatec<\/em><\/strong>) n\u00e3o t\u00eam mais vantagem em retornar ao mercado de trabalho formal do que aqueles que n\u00e3o chegaram fazer um curso pelo programa.<\/p>\n<p>O estudo considerou o universo de 160 mil pessoas e a modalidade Bolsa-Forma\u00e7\u00e3o, cujo objetivo \u00e9 promover a oferta de cursos de Forma\u00e7\u00e3o Inicial e Continuada (FIC), com dura\u00e7\u00e3o m\u00ednima de 160 horas. O per\u00edodo de abrang\u00eancia \u00e9 de 2011 a 2013.<\/p>\n<p>O estudo considerou pessoas que foram demitidas ou pediram demiss\u00e3o a partir de 2011 e foram reinseridas no mercado de trabalho formal at\u00e9 o final de 2013. A compara\u00e7\u00e3o foi feita entre aqueles que participaram do Pronatec e os que se pr\u00e9-matricularam no programa, mas n\u00e3o tiveram sua matr\u00edcula confirmada posteriormente.<\/p>\n<p>&#8220;Os resultados do Bolsa Forma\u00e7\u00e3o FIC relacionados \u00e0 reinser\u00e7\u00e3o no mercado formal de trabalho em geral n\u00e3o conseguem dar um maior retorno na reinser\u00e7\u00e3o do que aqueles indiv\u00edduos do grupo de controle. Ou seja, pegando um indiv\u00edduo que se matriculou e n\u00e3o teve a matr\u00edcula confirmada e um indiv\u00edduo que teve a confirma\u00e7\u00e3o, os resultados n\u00e3o mostram diferen\u00e7a estat\u00edstica na probabilidade de reinser\u00e7\u00e3o no mercado de trabalho&#8221;, explica o Secret\u00e1rio-Adjunto de Pol\u00edticas Macroecon\u00f4micas do Minist\u00e9rio da Fazenda, Fernando de Holanda Barbosa Filho.<\/p>\n<p>Tamb\u00e9m em rela\u00e7\u00e3o ao ganho salarial, com exce\u00e7\u00e3o de alguns estados, de acordo com Barbosa Filho, o resultado se mostra indiferente considerando esses dois grupos. Os dados ser\u00e3o disponibilizados na \u00edntegra na semana que vem. A apresenta\u00e7\u00e3o traz algumas ressalvas. As decis\u00f5es tomadas pelos trabalhadores ao longo do curso podem ter influenciado o resultado da pesquisa. Al\u00e9m disso, o per\u00edodo analisado trata dos egressos da fase inicial do programa, no qual o mercado de trabalho esteve bastante aquecido.<\/p>\n<p>&#8220;O mercado de trabalho aquecido pode ter colaborado para a redu\u00e7\u00e3o da taxa de desemprego de trabalhadores pouco qualificados. Isto pode reduzir o impacto do programa, tanto da reinser\u00e7\u00e3o no mercado formal de trabalho como nos ganhos salariais&#8221;, diz o texto apresentado. \u00c9 ainda poss\u00edvel que ganhos salariais obtidos com base no programa somente sejam detectados ap\u00f3s maior per\u00edodo no emprego e n\u00e3o apare\u00e7am nos sal\u00e1rios de admiss\u00e3o.<\/p>\n<p>O Minist\u00e9rio do Desenvolvimento Social e Combate \u00e0 Fome reapresentou dados referentes aos impactos do Pronatec Bolsa Forma\u00e7\u00e3o para os benefici\u00e1rios do programa Bolsa Fam\u00edlia e inscritos no Cadastro \u00danico. O estudo levou em considera\u00e7\u00e3o 2,6 milh\u00f5es de trabalhadores, entre 2011 e 2014. Os dados podem ser acessados na internet: www.mds.gov.br\/sagi<\/p>\n<p>Os resultados mostram que, dentre os que integram o Cadastro \u00danico, e participaram do Pronatec, a formaliza\u00e7\u00e3o no mercado de trabalho, entre o in\u00edcio e o fim do curso, aumentou em 11,8 pontos percentuais, entre 2011 e 2014. Entre os n\u00e3o participantes, com mesmo perfil, o aumento foi de 4,9 pontos percentuais, no mesmo per\u00edodo.<\/p>\n<p>A taxa de aprova\u00e7\u00e3o e de conclus\u00e3o nos cursos entre participantes benefici\u00e1rios do Bolsa Fam\u00edlia e inscritos no Cadastro \u00danico s\u00e3o superiores \u00e0 media geral. Entre 2011 e 2014, 81,4% dos benefici\u00e1rios do Bolsa Fam\u00edlia conclu\u00edram o curso e 79,3% daqueles apenas inscritos no Cadastro \u00danico. A taxa geral foi 79%. Entre os n\u00e3o inscritos no cadastro, foi 76,5%.<\/p>\n<p>&#8220;Os resultados gerais mostram que o Pronatec tem um efeito muito importante para quem faz curso, especialmente para os benefici\u00e1rios do Bolsa Fam\u00edlia, que passaram a ter, pela primeira vez, a oportunidade de fazer um curso de qualifica\u00e7\u00e3o profissional&#8221;, diz o secret\u00e1rio de Avalia\u00e7\u00e3o e Gest\u00e3o da Informa\u00e7\u00e3o da pasta, Paulo de Martino Jannuzzi.<\/p>\n<p>De acordo com ambas as pastas, os resultados ser\u00e3o usados para aprimorar o programa. O Pronatec foi criado pelo Governo Federal, em 2011, com o objetivo de ampliar a oferta de cursos de educa\u00e7\u00e3o profissional e tecnol\u00f3gica no pa\u00eds. No total, em todas as modalidades do Pronatec, entre os anos de 2011 e 2014, foram feitas mais de 8,1 milh\u00f5es de matr\u00edculas em cursos de inicial e continuada e t\u00e9cnicos.<\/p>\n<p>Mariana Tokarnia &#8211; Rep\u00f3rter da Ag\u00eancia Brasil<br \/>\nEdi\u00e7\u00e3o: Jorge Wamburg<\/p>\n","protected":false},"excerpt":{"rendered":"<p>Estudo apresentado pelo Minist\u00e9rio da Fazenda mostra que profissionais que participaram do Programa Nacional de Acesso ao Ensino T\u00e9cnico e Emprego (Pronatec) n\u00e3o t\u00eam mais vantagem em retornar ao mercado de trabalho formal do que aqueles que n\u00e3o chegaram fazer um curso pelo programa. O estudo considerou o universo de 160 mil pessoas e a [&hellip;]<\/p>\n","protected":false},"author":2,"featured_media":34864,"comment_status":"open","ping_status":"closed","sticky":false,"template":"","format":"standard","meta":{"_genesis_hide_title":false,"_genesis_hide_breadcrumbs":false,"_genesis_hide_singular_image":false,"_genesis_hide_footer_widgets":false,"_genesis_custom_body_class":"","_genesis_custom_post_class":"","_genesis_layout":"","_jetpack_memberships_contains_paid_content":false,"footnotes":""},"categories":[22],"tags":[],"class_list":{"0":"post-75584","1":"post","2":"type-post","3":"status-publish","4":"format-standard","5":"has-post-thumbnail","7":"category-brasil","8":"entry","9":"gs-1","10":"gs-odd","11":"gs-even","12":"gs-featured-content-entry"},"jetpack_featured_media_url":"https:\/\/www.redenoticia.com.br\/noticia\/imagens\/pronatec-ensino-tecnico.jpg","jetpack_sharing_enabled":true,"jetpack_likes_enabled":true,"_links":{"self":[{"href":"https:\/\/www.redenoticia.com.br\/noticia\/wp-json\/wp\/v2\/posts\/75584","targetHints":{"allow":["GET"]}}],"collection":[{"href":"https:\/\/www.redenoticia.com.br\/noticia\/wp-json\/wp\/v2\/posts"}],"about":[{"href":"https:\/\/www.redenoticia.com.br\/noticia\/wp-json\/wp\/v2\/types\/post"}],"author":[{"embeddable":true,"href":"https:\/\/www.redenoticia.com.br\/noticia\/wp-json\/wp\/v2\/users\/2"}],"replies":[{"embeddable":true,"href":"https:\/\/www.redenoticia.com.br\/noticia\/wp-json\/wp\/v2\/comments?post=75584"}],"version-history":[{"count":0,"href":"https:\/\/www.redenoticia.com.br\/noticia\/wp-json\/wp\/v2\/posts\/75584\/revisions"}],"wp:featuredmedia":[{"embeddable":true,"href":"https:\/\/www.redenoticia.com.br\/noticia\/wp-json\/wp\/v2\/media\/34864"}],"wp:attachment":[{"href":"https:\/\/www.redenoticia.com.br\/noticia\/wp-json\/wp\/v2\/media?parent=75584"}],"wp:term":[{"taxonomy":"category","embeddable":true,"href":"https:\/\/www.redenoticia.com.br\/noticia\/wp-json\/wp\/v2\/categories?post=75584"},{"taxonomy":"post_tag","embeddable":true,"href":"https:\/\/www.redenoticia.com.br\/noticia\/wp-json\/wp\/v2\/tags?post=75584"}],"curies":[{"name":"wp","href":"https:\/\/api.w.org\/{rel}","templated":true}]}}