{"id":75582,"date":"2015-09-25T07:51:36","date_gmt":"2015-09-25T10:51:36","guid":{"rendered":"http:\/\/www.redenoticia.com.br\/noticia\/?p=75582"},"modified":"2015-09-25T07:51:36","modified_gmt":"2015-09-25T10:51:36","slug":"mortes-em-rodovias-sob-concessao-em-sp-cairam-517-em-14-anos","status":"publish","type":"post","link":"https:\/\/www.redenoticia.com.br\/noticia\/2015\/mortes-em-rodovias-sob-concessao-em-sp-cairam-517-em-14-anos\/75582","title":{"rendered":"Mortes em rodovias sob concess\u00e3o em SP ca\u00edram 51,7% em 14 anos"},"content":{"rendered":"<p> O <strong><em>\u00edndice de mortes nas rodovias<\/em><\/strong> concedidas no estado de S\u00e3o Paulo caiu 51,7% entre 2000 e 2013, de acordo com dados divulgados pela Ag\u00eancia de Transporte do Estado de S\u00e3o Paulo, a Artesp.<\/p>\n<p>Segundo Carlos Campos, gerente de Seguran\u00e7a e Sinaliza\u00e7\u00e3o da ag\u00eancia, o \u00edndice leva em conta, al\u00e9m dos acidentes, a extens\u00e3o da malha e o volume de ve\u00edculos em circula\u00e7\u00e3o.<\/p>\n<p>Em semin\u00e1rio realizado no Instituto de Pesquisas Tecnol\u00f3gicas, o IPT, Campos destacou que essa diminui\u00e7\u00e3o se deve a investimentos realizados pelo Programa Estadual de Concess\u00e3o de Rodovias no Estado de S\u00e3o Paulo.<\/p>\n<p>Os investimentos na malha concedida entre 1998, quanto teve in\u00edcio o Programa de Concess\u00e3o, e junho de 2015 superaram R$ 70 bilh\u00f5es em obras que inclu\u00edram duplica\u00e7\u00e3o de pistas, implanta\u00e7\u00e3o de marginais, readequa\u00e7\u00e3o de acessos e v\u00e1rias outras interven\u00e7\u00f5es ao longo dos 6,4 mil quil\u00f4metros.<\/p>\n<p>Cuidados com o fator humano<br \/>\nO gerente da Artesp destacou que o maior desafio atual \u00e9 \u201co fator humano\u201d, isto \u00e9, fazer com que as pessoas passem a dirigir com maior consci\u00eancia e respeito \u00e0s leis de tr\u00e2nsito, reduzindo, consequentemente, as v\u00edtimas envolvidas em acidentes.<\/p>\n<p>A meta para as rodovias sob concess\u00e3o em S\u00e3o Paulo \u00e9 reduzir em 50% o n\u00famero de mortes at\u00e9 2020 (tomando por base o ano de 2010, de acordo com preceito estabelecido pela ONU para a \u201cD\u00e9cada de A\u00e7\u00f5es para a Seguran\u00e7a no Tr\u00e2nsito&#8221;) e em 20% o n\u00famero de feridos no mesmo per\u00edodo.<\/p>\n<p>Em sua apresenta\u00e7\u00e3o, Campos destacou que o foco no \u201cfator humano\u201d j\u00e1 foi adotado com resultados satisfat\u00f3rios este ano na campanha da Artesp e concession\u00e1rias para a conscientiza\u00e7\u00e3o sobre a import\u00e2ncia do uso do cinto de seguran\u00e7a, inclusive no banco traseiro.<\/p>\n<p>Pesquisa realizada em dezembro, que motivou o in\u00edcio da a\u00e7\u00e3o, mostrou que 54% dos passageiros do banco traseiro n\u00e3o utilizavam o cinto de seguran\u00e7a. Ap\u00f3s oito meses de campanha, novo estudo (do final de agosto) mostrou queda de 16 pontos percentuais no \u00edndice de passageiros do banco traseiro que n\u00e3o utilizavam o cinto, caindo para 38% os que n\u00e3o usavam o dispositivo.<\/p>\n<p>Do Portal do Governo do Estado SP<\/p>\n","protected":false},"excerpt":{"rendered":"<p>O \u00edndice de mortes nas rodovias concedidas no estado de S\u00e3o Paulo caiu 51,7% entre 2000 e 2013, de acordo com dados divulgados pela Ag\u00eancia de Transporte do Estado de S\u00e3o Paulo, a Artesp. Segundo Carlos Campos, gerente de Seguran\u00e7a e Sinaliza\u00e7\u00e3o da ag\u00eancia, o \u00edndice leva em conta, al\u00e9m dos acidentes, a extens\u00e3o da [&hellip;]<\/p>\n","protected":false},"author":2,"featured_media":35207,"comment_status":"open","ping_status":"closed","sticky":false,"template":"","format":"standard","meta":{"_genesis_hide_title":false,"_genesis_hide_breadcrumbs":false,"_genesis_hide_singular_image":false,"_genesis_hide_footer_widgets":false,"_genesis_custom_body_class":"","_genesis_custom_post_class":"","_genesis_layout":"","_jetpack_memberships_contains_paid_content":false,"footnotes":""},"categories":[22],"tags":[],"class_list":{"0":"post-75582","1":"post","2":"type-post","3":"status-publish","4":"format-standard","5":"has-post-thumbnail","7":"category-brasil","8":"entry","9":"gs-1","10":"gs-odd","11":"gs-even","12":"gs-featured-content-entry"},"jetpack_featured_media_url":"https:\/\/www.redenoticia.com.br\/noticia\/imagens\/transito-estradas.jpg","jetpack_sharing_enabled":true,"jetpack_likes_enabled":true,"_links":{"self":[{"href":"https:\/\/www.redenoticia.com.br\/noticia\/wp-json\/wp\/v2\/posts\/75582","targetHints":{"allow":["GET"]}}],"collection":[{"href":"https:\/\/www.redenoticia.com.br\/noticia\/wp-json\/wp\/v2\/posts"}],"about":[{"href":"https:\/\/www.redenoticia.com.br\/noticia\/wp-json\/wp\/v2\/types\/post"}],"author":[{"embeddable":true,"href":"https:\/\/www.redenoticia.com.br\/noticia\/wp-json\/wp\/v2\/users\/2"}],"replies":[{"embeddable":true,"href":"https:\/\/www.redenoticia.com.br\/noticia\/wp-json\/wp\/v2\/comments?post=75582"}],"version-history":[{"count":0,"href":"https:\/\/www.redenoticia.com.br\/noticia\/wp-json\/wp\/v2\/posts\/75582\/revisions"}],"wp:featuredmedia":[{"embeddable":true,"href":"https:\/\/www.redenoticia.com.br\/noticia\/wp-json\/wp\/v2\/media\/35207"}],"wp:attachment":[{"href":"https:\/\/www.redenoticia.com.br\/noticia\/wp-json\/wp\/v2\/media?parent=75582"}],"wp:term":[{"taxonomy":"category","embeddable":true,"href":"https:\/\/www.redenoticia.com.br\/noticia\/wp-json\/wp\/v2\/categories?post=75582"},{"taxonomy":"post_tag","embeddable":true,"href":"https:\/\/www.redenoticia.com.br\/noticia\/wp-json\/wp\/v2\/tags?post=75582"}],"curies":[{"name":"wp","href":"https:\/\/api.w.org\/{rel}","templated":true}]}}