{"id":75555,"date":"2015-09-24T16:30:31","date_gmt":"2015-09-24T19:30:31","guid":{"rendered":"http:\/\/www.redenoticia.com.br\/noticia\/?p=75555"},"modified":"2015-09-24T16:30:31","modified_gmt":"2015-09-24T19:30:31","slug":"expectativa-do-brasileiro-para-a-inflacao-em-12-meses-se-mantem-em-10","status":"publish","type":"post","link":"https:\/\/www.redenoticia.com.br\/noticia\/2015\/expectativa-do-brasileiro-para-a-inflacao-em-12-meses-se-mantem-em-10\/75555","title":{"rendered":"Expectativa do brasileiro para a infla\u00e7\u00e3o em 12 meses se mant\u00e9m em 10%"},"content":{"rendered":"<p> Consumidores brasileiros estimam que a <strong><em>infla\u00e7\u00e3o<\/em><\/strong> ficar\u00e1 em 10% nos pr\u00f3ximos 12 meses, segundo pesquisa realizada neste m\u00eas pela Funda\u00e7\u00e3o Getulio Vargas (FGV). O \u00edndice \u00e9 o mesmo do levantamento de agosto e interrompe uma sequ\u00eancia de sete altas consecutivas neste ano.<\/p>\n<p> O patamar de 10% ainda \u00e9 o mais alto da s\u00e9rie hist\u00f3rica da pesquisa da FGV, iniciada em setembro de 2005.<\/p>\n<p>Segundo a FGV, o resultado pode, \u201cpor um lado, gerar certo al\u00edvio aos formuladores de pol\u00edtica macroecon\u00f4mica, por outro, continua preocupando, uma vez que a expectativa estabilizou-se em um patamar bastante elevado\u201d.<\/p>\n<p>A FGV tamb\u00e9m afirma que \u201ca elevada expectativa de infla\u00e7\u00e3o \u00e9 generalizada entre as faixas de renda, o que implica em maiores dificuldades para o controle da infla\u00e7\u00e3o\u201d.<\/p>\n<p>Vitor Abdala \u2013 Rep\u00f3rter da Ag\u00eancia Brasil<br \/>\nEdi\u00e7\u00e3o: Denise Griesinger<br \/>\n&#8212;<\/p>\n<p>Sobre a EBC<\/p>\n<p>A Empresa Brasil de Comunica\u00e7\u00e3o \u00e9 uma institui\u00e7\u00e3o da democracia brasileira: p\u00fablica, inclusiva e cidad\u00e3.  Criada em 2007 para fortalecer o sistema p\u00fablico de comunica\u00e7\u00e3o, \u00e9 gestora dos canais TV Brasil, TV Brasil Internacional, Ag\u00eancia Brasil, Radioag\u00eancia Nacional e do sistema p\u00fablico de R\u00e1dio \u2013 composto por oito emissoras. Estes, por sua independ\u00eancia editorial, distinguem-se dos canais estatais ou governamentais, com conte\u00fados diferenciados e complementares aos canais privados. Os ve\u00edculos da EBC t\u00eam autonomia para definir produ\u00e7\u00e3o, programa\u00e7\u00e3o e distribui\u00e7\u00e3o de conte\u00fados.<\/p>\n","protected":false},"excerpt":{"rendered":"<p>Consumidores brasileiros estimam que a infla\u00e7\u00e3o ficar\u00e1 em 10% nos pr\u00f3ximos 12 meses, segundo pesquisa realizada neste m\u00eas pela Funda\u00e7\u00e3o Getulio Vargas (FGV). O \u00edndice \u00e9 o mesmo do levantamento de agosto e interrompe uma sequ\u00eancia de sete altas consecutivas neste ano. O patamar de 10% ainda \u00e9 o mais alto da s\u00e9rie hist\u00f3rica da [&hellip;]<\/p>\n","protected":false},"author":2,"featured_media":57584,"comment_status":"open","ping_status":"closed","sticky":false,"template":"","format":"standard","meta":{"_genesis_hide_title":false,"_genesis_hide_breadcrumbs":false,"_genesis_hide_singular_image":false,"_genesis_hide_footer_widgets":false,"_genesis_custom_body_class":"","_genesis_custom_post_class":"","_genesis_layout":"","_jetpack_memberships_contains_paid_content":false,"footnotes":""},"categories":[22,7],"tags":[],"class_list":{"0":"post-75555","1":"post","2":"type-post","3":"status-publish","4":"format-standard","5":"has-post-thumbnail","7":"category-brasil","8":"category-economia","9":"entry","10":"gs-1","11":"gs-odd","12":"gs-even","13":"gs-featured-content-entry"},"jetpack_featured_media_url":"https:\/\/www.redenoticia.com.br\/noticia\/imagens\/economia-grafica-analise-inflacao.jpg","jetpack_sharing_enabled":true,"jetpack_likes_enabled":true,"_links":{"self":[{"href":"https:\/\/www.redenoticia.com.br\/noticia\/wp-json\/wp\/v2\/posts\/75555","targetHints":{"allow":["GET"]}}],"collection":[{"href":"https:\/\/www.redenoticia.com.br\/noticia\/wp-json\/wp\/v2\/posts"}],"about":[{"href":"https:\/\/www.redenoticia.com.br\/noticia\/wp-json\/wp\/v2\/types\/post"}],"author":[{"embeddable":true,"href":"https:\/\/www.redenoticia.com.br\/noticia\/wp-json\/wp\/v2\/users\/2"}],"replies":[{"embeddable":true,"href":"https:\/\/www.redenoticia.com.br\/noticia\/wp-json\/wp\/v2\/comments?post=75555"}],"version-history":[{"count":0,"href":"https:\/\/www.redenoticia.com.br\/noticia\/wp-json\/wp\/v2\/posts\/75555\/revisions"}],"wp:featuredmedia":[{"embeddable":true,"href":"https:\/\/www.redenoticia.com.br\/noticia\/wp-json\/wp\/v2\/media\/57584"}],"wp:attachment":[{"href":"https:\/\/www.redenoticia.com.br\/noticia\/wp-json\/wp\/v2\/media?parent=75555"}],"wp:term":[{"taxonomy":"category","embeddable":true,"href":"https:\/\/www.redenoticia.com.br\/noticia\/wp-json\/wp\/v2\/categories?post=75555"},{"taxonomy":"post_tag","embeddable":true,"href":"https:\/\/www.redenoticia.com.br\/noticia\/wp-json\/wp\/v2\/tags?post=75555"}],"curies":[{"name":"wp","href":"https:\/\/api.w.org\/{rel}","templated":true}]}}