{"id":75553,"date":"2015-09-24T16:28:53","date_gmt":"2015-09-24T19:28:53","guid":{"rendered":"http:\/\/www.redenoticia.com.br\/noticia\/?p=75553"},"modified":"2015-09-24T16:28:53","modified_gmt":"2015-09-24T19:28:53","slug":"taxa-de-juros-para-as-familias-chega-ao-recorde-de-612-ao-ano-em-agosto","status":"publish","type":"post","link":"https:\/\/www.redenoticia.com.br\/noticia\/2015\/taxa-de-juros-para-as-familias-chega-ao-recorde-de-612-ao-ano-em-agosto\/75553","title":{"rendered":"Taxa de juros para as fam\u00edlias chega ao recorde de 61,2% ao ano em agosto"},"content":{"rendered":"<p> As fam\u00edlias e empresas pagaram juros maiores ao pegar empr\u00e9stimos em bancos, em agosto. Segundo dados do Banco Central (BC), a <strong><em>taxa m\u00e9dia de juros<\/em><\/strong> do cr\u00e9dito para as fam\u00edlias continuou a subir e chegou a 61,2% ao ano, no m\u00eas passado, a maior taxa da s\u00e9rie hist\u00f3rica, iniciada em mar\u00e7o de 2011. Em rela\u00e7\u00e3o a julho, houve alta de 1,4 ponto percentual.<\/p>\n<p>A taxa de juros para as empresas subiu 0,5 ponto percentual para 28,5% ao ano.<\/p>\n<p>A inadimpl\u00eancia das fam\u00edlias (pessoas f\u00edsicas), considerados atrasos superiores a 90 dias, subiu 0,1 ponto percentual para 5,5%. A inadimpl\u00eancia das empresas ficou est\u00e1vel em 4,1%.<\/p>\n<p> A taxa de juros mais alta na pesquisa do BC para as pessoas f\u00edsicas \u00e9 a do rotativo do cart\u00e3o de cr\u00e9dito, que subiu 8,8 pontos percentuais, chegando a 403,5% ao ano. A taxa m\u00e9dia das compras parceladas com juros, do parcelamento da fatura do cart\u00e3o de cr\u00e9dito e dos saques parcelados, subiu 8,9 pontos percentuais, alcan\u00e7ando 129,8% ao ano.<\/p>\n<p>A taxa do cheque especial chegou a 253,2% ao ano, em agosto, com alta de 6,3 pontos percentuais, em rela\u00e7\u00e3o a julho. J\u00e1 a taxa do cr\u00e9dito consignado (com desconto em folha de pagamento) ficou est\u00e1vel em 27,8% ao ano.<\/p>\n<p>Esses dados s\u00e3o do cr\u00e9dito livre, em que os bancos t\u00eam autonomia para aplicar o dinheiro captado no mercado e definir as taxas de juros.<\/p>\n<p>No caso do cr\u00e9dito direcionado \u2013 que s\u00e3o os empr\u00e9stimos com regras definidas pelo governo, destinados, basicamente, aos setores habitacional, rural e de infraestrutura -, a taxa de juros do cr\u00e9dito para as empresas subiu 0,4 ponto percentual, alcan\u00e7ando 10,6% ao ano. No caso das fam\u00edlias, houve queda de 0,2 ponto percentual, com taxa em 9,8% ao ano.<\/p>\n<p>A inadimpl\u00eancia do cr\u00e9dito direcionado ficou est\u00e1vel em 0,7% para empresas e subiu 0,1 ponto percentual para 1,9%, no caso das pessoas f\u00edsicas.<\/p>\n<p>O saldo de todas as opera\u00e7\u00f5es de cr\u00e9dito, livre e direcionado, chegou a R$ 3,132 trilh\u00f5es, em agosto, com crescimento de 0,7% no m\u00eas e 9,6% em 12 meses.<\/p>\n<p>Kelly Oliveira \u2013 Rep\u00f3rter da Ag\u00eancia Brasil<br \/>\nEdi\u00e7\u00e3o: Jos\u00e9 Romildo<\/p>\n","protected":false},"excerpt":{"rendered":"<p>As fam\u00edlias e empresas pagaram juros maiores ao pegar empr\u00e9stimos em bancos, em agosto. Segundo dados do Banco Central (BC), a taxa m\u00e9dia de juros do cr\u00e9dito para as fam\u00edlias continuou a subir e chegou a 61,2% ao ano, no m\u00eas passado, a maior taxa da s\u00e9rie hist\u00f3rica, iniciada em mar\u00e7o de 2011. Em rela\u00e7\u00e3o [&hellip;]<\/p>\n","protected":false},"author":2,"featured_media":57582,"comment_status":"open","ping_status":"closed","sticky":false,"template":"","format":"standard","meta":{"_genesis_hide_title":false,"_genesis_hide_breadcrumbs":false,"_genesis_hide_singular_image":false,"_genesis_hide_footer_widgets":false,"_genesis_custom_body_class":"","_genesis_custom_post_class":"","_genesis_layout":"","_jetpack_memberships_contains_paid_content":false,"footnotes":""},"categories":[22,7],"tags":[],"class_list":{"0":"post-75553","1":"post","2":"type-post","3":"status-publish","4":"format-standard","5":"has-post-thumbnail","7":"category-brasil","8":"category-economia","9":"entry","10":"gs-1","11":"gs-odd","12":"gs-even","13":"gs-featured-content-entry"},"jetpack_featured_media_url":"https:\/\/www.redenoticia.com.br\/noticia\/imagens\/grafico1.jpg","jetpack_sharing_enabled":true,"jetpack_likes_enabled":true,"_links":{"self":[{"href":"https:\/\/www.redenoticia.com.br\/noticia\/wp-json\/wp\/v2\/posts\/75553","targetHints":{"allow":["GET"]}}],"collection":[{"href":"https:\/\/www.redenoticia.com.br\/noticia\/wp-json\/wp\/v2\/posts"}],"about":[{"href":"https:\/\/www.redenoticia.com.br\/noticia\/wp-json\/wp\/v2\/types\/post"}],"author":[{"embeddable":true,"href":"https:\/\/www.redenoticia.com.br\/noticia\/wp-json\/wp\/v2\/users\/2"}],"replies":[{"embeddable":true,"href":"https:\/\/www.redenoticia.com.br\/noticia\/wp-json\/wp\/v2\/comments?post=75553"}],"version-history":[{"count":0,"href":"https:\/\/www.redenoticia.com.br\/noticia\/wp-json\/wp\/v2\/posts\/75553\/revisions"}],"wp:featuredmedia":[{"embeddable":true,"href":"https:\/\/www.redenoticia.com.br\/noticia\/wp-json\/wp\/v2\/media\/57582"}],"wp:attachment":[{"href":"https:\/\/www.redenoticia.com.br\/noticia\/wp-json\/wp\/v2\/media?parent=75553"}],"wp:term":[{"taxonomy":"category","embeddable":true,"href":"https:\/\/www.redenoticia.com.br\/noticia\/wp-json\/wp\/v2\/categories?post=75553"},{"taxonomy":"post_tag","embeddable":true,"href":"https:\/\/www.redenoticia.com.br\/noticia\/wp-json\/wp\/v2\/tags?post=75553"}],"curies":[{"name":"wp","href":"https:\/\/api.w.org\/{rel}","templated":true}]}}