{"id":75551,"date":"2015-09-24T16:27:27","date_gmt":"2015-09-24T19:27:27","guid":{"rendered":"http:\/\/www.redenoticia.com.br\/noticia\/?p=75551"},"modified":"2015-09-24T16:27:27","modified_gmt":"2015-09-24T19:27:27","slug":"aposentados-comecaram-a-receber-primeira-parcela-do-decimo-terceiro","status":"publish","type":"post","link":"https:\/\/www.redenoticia.com.br\/noticia\/2015\/aposentados-comecaram-a-receber-primeira-parcela-do-decimo-terceiro\/75551","title":{"rendered":"Aposentados come\u00e7aram a receber primeira parcela do d\u00e9cimo terceiro"},"content":{"rendered":"<p> Cerca de 28 milh\u00f5es de aposentados, pensionistas e demais segurados da Previd\u00eancia Social come\u00e7aram a receber a <strong><em>primeira parcela do d\u00e9cimo terceiro<\/em><\/strong>. O pagamento ocorre at\u00e9 7 de outubro. Os primeiros a receber o d\u00e9cimo terceiro ser\u00e3o os benefici\u00e1rios que ganham um sal\u00e1rio m\u00ednimo com cart\u00e3o de final 1, desconsiderando o d\u00edgito. Para quem recebe mais de um sal\u00e1rio, a parcela come\u00e7a a ser depositada em 1\u00ba de outubro. Segundo o Minist\u00e9rio da Previd\u00eancia Social, o adiantamento injetar\u00e1 R$ 16 bilh\u00f5es na economia.<\/p>\n<p>Desde 2006, o d\u00e9cimo terceiro aos segurados do Instituto Nacional do Seguro Social (INSS) \u00e9 pago em duas etapas. A primeira parcela n\u00e3o vem com o desconto do Imposto de Renda, que s\u00f3 incide na segunda parcela sobre todo o valor do d\u00e9cimo terceiro. Neste ano, a segunda parcela ser\u00e1 paga de 24 de novembro a 7 de dezembro.<\/p>\n<p>Inicialmente, a inten\u00e7\u00e3o da equipe econ\u00f4mica era pagar o d\u00e9cimo terceiro em tr\u00eas vezes &#8211; 25% em setembro, 25% em outubro e 50% no fim de novembro. No fim de agosto, no entanto, a presidenta Dilma Rousseff decidiu pagar integralmente a primeira parcela em setembro. O decreto que garantiu o adiantamento este m\u00eas foi publicado no \u00faltimo dia 4, no Di\u00e1rio Oficial da Uni\u00e3o .<\/p>\n<p>Os benefici\u00e1rios podem conferir as datas em calend\u00e1rio divulgado pelo Minist\u00e9rio da Previd\u00eancia Social.<\/p>\n<p>Wellton M\u00e1ximo e Mariana Branco \u2013 Rep\u00f3rteres da Ag\u00eancia Brasil<br \/>\nEdi\u00e7\u00e3o: Gra\u00e7a Adjuto<\/p>\n","protected":false},"excerpt":{"rendered":"<p>Cerca de 28 milh\u00f5es de aposentados, pensionistas e demais segurados da Previd\u00eancia Social come\u00e7aram a receber a primeira parcela do d\u00e9cimo terceiro. O pagamento ocorre at\u00e9 7 de outubro. Os primeiros a receber o d\u00e9cimo terceiro ser\u00e3o os benefici\u00e1rios que ganham um sal\u00e1rio m\u00ednimo com cart\u00e3o de final 1, desconsiderando o d\u00edgito. Para quem recebe [&hellip;]<\/p>\n","protected":false},"author":2,"featured_media":40734,"comment_status":"open","ping_status":"closed","sticky":false,"template":"","format":"standard","meta":{"_genesis_hide_title":false,"_genesis_hide_breadcrumbs":false,"_genesis_hide_singular_image":false,"_genesis_hide_footer_widgets":false,"_genesis_custom_body_class":"","_genesis_custom_post_class":"","_genesis_layout":"","_jetpack_memberships_contains_paid_content":false,"footnotes":""},"categories":[22,7],"tags":[],"class_list":{"0":"post-75551","1":"post","2":"type-post","3":"status-publish","4":"format-standard","5":"has-post-thumbnail","7":"category-brasil","8":"category-economia","9":"entry","10":"gs-1","11":"gs-odd","12":"gs-even","13":"gs-featured-content-entry"},"jetpack_featured_media_url":"https:\/\/www.redenoticia.com.br\/noticia\/imagens\/economia-resultados.jpg","jetpack_sharing_enabled":true,"jetpack_likes_enabled":true,"_links":{"self":[{"href":"https:\/\/www.redenoticia.com.br\/noticia\/wp-json\/wp\/v2\/posts\/75551","targetHints":{"allow":["GET"]}}],"collection":[{"href":"https:\/\/www.redenoticia.com.br\/noticia\/wp-json\/wp\/v2\/posts"}],"about":[{"href":"https:\/\/www.redenoticia.com.br\/noticia\/wp-json\/wp\/v2\/types\/post"}],"author":[{"embeddable":true,"href":"https:\/\/www.redenoticia.com.br\/noticia\/wp-json\/wp\/v2\/users\/2"}],"replies":[{"embeddable":true,"href":"https:\/\/www.redenoticia.com.br\/noticia\/wp-json\/wp\/v2\/comments?post=75551"}],"version-history":[{"count":0,"href":"https:\/\/www.redenoticia.com.br\/noticia\/wp-json\/wp\/v2\/posts\/75551\/revisions"}],"wp:featuredmedia":[{"embeddable":true,"href":"https:\/\/www.redenoticia.com.br\/noticia\/wp-json\/wp\/v2\/media\/40734"}],"wp:attachment":[{"href":"https:\/\/www.redenoticia.com.br\/noticia\/wp-json\/wp\/v2\/media?parent=75551"}],"wp:term":[{"taxonomy":"category","embeddable":true,"href":"https:\/\/www.redenoticia.com.br\/noticia\/wp-json\/wp\/v2\/categories?post=75551"},{"taxonomy":"post_tag","embeddable":true,"href":"https:\/\/www.redenoticia.com.br\/noticia\/wp-json\/wp\/v2\/tags?post=75551"}],"curies":[{"name":"wp","href":"https:\/\/api.w.org\/{rel}","templated":true}]}}