{"id":75549,"date":"2015-09-24T16:26:02","date_gmt":"2015-09-24T19:26:02","guid":{"rendered":"http:\/\/www.redenoticia.com.br\/noticia\/?p=75549"},"modified":"2015-09-24T16:26:02","modified_gmt":"2015-09-24T19:26:02","slug":"aumenta-procura-por-renegociacao-de-dividas-com-os-bancos","status":"publish","type":"post","link":"https:\/\/www.redenoticia.com.br\/noticia\/2015\/aumenta-procura-por-renegociacao-de-dividas-com-os-bancos\/75549","title":{"rendered":"Aumenta procura por renegocia\u00e7\u00e3o de d\u00edvidas com os bancos"},"content":{"rendered":"<p> O desemprego e as taxas de juros mais altas levaram ao aumento da <strong><em>renegocia\u00e7\u00e3o de empr\u00e9stimos<\/em><\/strong> nos bancos em agosto. O saldo dessas renegocia\u00e7\u00f5es chegou a R$ 24,435 bilh\u00f5es, com crescimento de 1,6% no m\u00eas e 10,9%, em 12 meses, de acordo com dados do Banco Central (BC).<\/p>\n<p>Para o chefe do Departamento Econ\u00f4mico do BC, Tulio Maciel, no cen\u00e1rio econ\u00f4mico atual \u201c\u00e9 natural que as pessoas procurem esse tipo de alternativa\u201d. A taxa do cr\u00e9dito renegociado, 44,9% ao ano em agosto, \u00e9 mais baixa que a m\u00e9dia (61,2% ao ano) dos juros cobrados nos empr\u00e9stimos a pessoas f\u00edsicas e os prazos de pagamento costumam ser maiores. A renegocia\u00e7\u00e3o pode ser uma alternativa para sair do rotativo do cart\u00e3o do cr\u00e9dito ou do cheque especial, com taxas de juros muito altas: 403,5% ao ano e 253,2% ao ano, respectivamente.<\/p>\n<p>Entretanto, as tentativas de controlar as d\u00edvidas nem sempre d\u00e3o certo. A taxa de inadimpl\u00eancia (atrasos acima de 90 dias) dessa modalidade, 16,2%, \u00e9 bem maior que a m\u00e9dia (5,5%). \u201cAs pessoas procuram alternativas, tentam regularizar os seus pagamentos, mas nem sempre conseguem\u201d, disse Maciel.<\/p>\n<p>De acordo com os dados do BC, em agosto, tamb\u00e9m cresceu o saldo do rotativo do cart\u00e3o de cr\u00e9dito (1,3%), do empr\u00e9stimo consignado (0,7%) e do cr\u00e9dito pessoal (0,7%). Outras modalidades tiveram queda: compra de ve\u00edculos (1,3%), aquisi\u00e7\u00e3o de bens (1%) e arrendamento mercantil (3,4%). O saldo do cheque especial ficou est\u00e1vel no m\u00eas. Essas modalidades s\u00e3o do cr\u00e9dito com recursos livres, em que os bancos t\u00eam autonomia para para aplicar o dinheiro captado no mercado e definir as taxas de juros.<\/p>\n<p>No caso do cr\u00e9dito com recursos direcionados (empr\u00e9stimos com regras definidas pelo governo, destinados, basicamente, aos setores habitacional, rural e de infraestrutura) para pessoas f\u00edsicas, o destaque \u00e9 o cr\u00e9dito imobili\u00e1rio, com saldo de R$ 481,967 bilh\u00f5es, em agosto. No m\u00eas, o crescimento ficou em 1,1% e em 12 meses, em 20,8%. Segundo Maciel, h\u00e1 uma modera\u00e7\u00e3o no crescimento do cr\u00e9dito imobili\u00e1rio, em momento de eleva\u00e7\u00e3o das taxas de juros.<\/p>\n<p>Maciel disse ainda que as empresas tamb\u00e9m est\u00e3o tomando menos empr\u00e9stimos, devido \u00e0 retra\u00e7\u00e3o da atividade econ\u00f4mica. \u201cO capital de giro, principal modalidade de empr\u00e9stimo \u00e0s empresas com recursos livres, teve redu\u00e7\u00e3o 0,8% no m\u00eas e em 12 meses, de 1,2%\u201d, destacou.<\/p>\n<p>Kelly Oliveira \u2013 Rep\u00f3rter da Ag\u00eancia Brasil<br \/>\nEdi\u00e7\u00e3o: Jos\u00e9 Romildo<\/p>\n","protected":false},"excerpt":{"rendered":"<p>O desemprego e as taxas de juros mais altas levaram ao aumento da renegocia\u00e7\u00e3o de empr\u00e9stimos nos bancos em agosto. O saldo dessas renegocia\u00e7\u00f5es chegou a R$ 24,435 bilh\u00f5es, com crescimento de 1,6% no m\u00eas e 10,9%, em 12 meses, de acordo com dados do Banco Central (BC). Para o chefe do Departamento Econ\u00f4mico do [&hellip;]<\/p>\n","protected":false},"author":2,"featured_media":38938,"comment_status":"open","ping_status":"closed","sticky":false,"template":"","format":"standard","meta":{"_genesis_hide_title":false,"_genesis_hide_breadcrumbs":false,"_genesis_hide_singular_image":false,"_genesis_hide_footer_widgets":false,"_genesis_custom_body_class":"","_genesis_custom_post_class":"","_genesis_layout":"","_jetpack_memberships_contains_paid_content":false,"footnotes":""},"categories":[22,7],"tags":[],"class_list":{"0":"post-75549","1":"post","2":"type-post","3":"status-publish","4":"format-standard","5":"has-post-thumbnail","7":"category-brasil","8":"category-economia","9":"entry","10":"gs-1","11":"gs-odd","12":"gs-even","13":"gs-featured-content-entry"},"jetpack_featured_media_url":"https:\/\/www.redenoticia.com.br\/noticia\/imagens\/economia1.jpg","jetpack_sharing_enabled":true,"jetpack_likes_enabled":true,"_links":{"self":[{"href":"https:\/\/www.redenoticia.com.br\/noticia\/wp-json\/wp\/v2\/posts\/75549","targetHints":{"allow":["GET"]}}],"collection":[{"href":"https:\/\/www.redenoticia.com.br\/noticia\/wp-json\/wp\/v2\/posts"}],"about":[{"href":"https:\/\/www.redenoticia.com.br\/noticia\/wp-json\/wp\/v2\/types\/post"}],"author":[{"embeddable":true,"href":"https:\/\/www.redenoticia.com.br\/noticia\/wp-json\/wp\/v2\/users\/2"}],"replies":[{"embeddable":true,"href":"https:\/\/www.redenoticia.com.br\/noticia\/wp-json\/wp\/v2\/comments?post=75549"}],"version-history":[{"count":0,"href":"https:\/\/www.redenoticia.com.br\/noticia\/wp-json\/wp\/v2\/posts\/75549\/revisions"}],"wp:featuredmedia":[{"embeddable":true,"href":"https:\/\/www.redenoticia.com.br\/noticia\/wp-json\/wp\/v2\/media\/38938"}],"wp:attachment":[{"href":"https:\/\/www.redenoticia.com.br\/noticia\/wp-json\/wp\/v2\/media?parent=75549"}],"wp:term":[{"taxonomy":"category","embeddable":true,"href":"https:\/\/www.redenoticia.com.br\/noticia\/wp-json\/wp\/v2\/categories?post=75549"},{"taxonomy":"post_tag","embeddable":true,"href":"https:\/\/www.redenoticia.com.br\/noticia\/wp-json\/wp\/v2\/tags?post=75549"}],"curies":[{"name":"wp","href":"https:\/\/api.w.org\/{rel}","templated":true}]}}