{"id":75547,"date":"2015-09-24T16:23:48","date_gmt":"2015-09-24T19:23:48","guid":{"rendered":"http:\/\/www.redenoticia.com.br\/noticia\/?p=75547"},"modified":"2015-09-24T16:23:48","modified_gmt":"2015-09-24T19:23:48","slug":"empresas-tem-ate-sexta-feira-para-negociar-dividas-do-refis-da-crise","status":"publish","type":"post","link":"https:\/\/www.redenoticia.com.br\/noticia\/2015\/empresas-tem-ate-sexta-feira-para-negociar-dividas-do-refis-da-crise\/75547","title":{"rendered":"Empresas t\u00eam at\u00e9 sexta-feira para negociar d\u00edvidas do Refis da Crise"},"content":{"rendered":"<p>  Termina nesta sexta-feira (25) o prazo para as empresas negociar d\u00edvidas no parcelamento do chamado \u201c<strong><em>Refis da Crise<\/em><\/strong>\u201d, institu\u00eddo para pessoas jur\u00eddicas que tiveram problemas ap\u00f3s as turbul\u00eancias financeiras iniciadas em 2008.<\/p>\n<p>A negocia\u00e7\u00e3o foi dividida em dois per\u00edodos. O primeiro, que come\u00e7ou no dia 8 e termina dia 25, as pessoas jur\u00eddicas, exceto as optantes pelo Simples Nacional, devem indicar os d\u00e9bitos que compor\u00e3o o parcelamento. Na segunda fase, de 5 a 23 de outubro, as pessoas f\u00edsicas e as demais pessoas jur\u00eddicas n\u00e3o enquadradas no primeiro per\u00edodo poder\u00e3o indicar seus d\u00e9bitos.<\/p>\n<p>De acordo com a Receita, poder\u00e3o ser negociadas as d\u00edvidas vencidas at\u00e9 31 de dezembro de 2013, com redu\u00e7\u00f5es de multas e de juros que chegam a at\u00e9 90%, e pagamento em at\u00e9 180 meses (15 anos).<\/p>\n<p>A empresa que perder o prazo da negocia\u00e7\u00e3o ter\u00e1 cobran\u00e7a imediata da d\u00edvida integral e perder\u00e1 as redu\u00e7\u00f5es de multas, juros e encargos legais. Para negociar suas d\u00edvidas, o interessado deve entrar no Centro Virtual de Atendimento ao Contribuinte (e-CAC) e acessar a op\u00e7\u00e3o \u201cPagamento\/Parcelamento Lei 12.996\/14-d\u00e9bitos at\u00e9 31\/12\/2013.<\/p>\n<p>A Receita disponibilizou um manual com outras informa\u00e7\u00f5es, que pode ser encontrado no site do \u00f3rg\u00e3o.<\/p>\n<p>Daniel Lima &#8211; Rep\u00f3rter da Ag\u00eancia Brasil<br \/>\nEdi\u00e7\u00e3o: Armando Cardoso<\/p>\n","protected":false},"excerpt":{"rendered":"<p>Termina nesta sexta-feira (25) o prazo para as empresas negociar d\u00edvidas no parcelamento do chamado \u201cRefis da Crise\u201d, institu\u00eddo para pessoas jur\u00eddicas que tiveram problemas ap\u00f3s as turbul\u00eancias financeiras iniciadas em 2008. A negocia\u00e7\u00e3o foi dividida em dois per\u00edodos. O primeiro, que come\u00e7ou no dia 8 e termina dia 25, as pessoas jur\u00eddicas, exceto as [&hellip;]<\/p>\n","protected":false},"author":2,"featured_media":37419,"comment_status":"open","ping_status":"closed","sticky":false,"template":"","format":"standard","meta":{"_genesis_hide_title":false,"_genesis_hide_breadcrumbs":false,"_genesis_hide_singular_image":false,"_genesis_hide_footer_widgets":false,"_genesis_custom_body_class":"","_genesis_custom_post_class":"","_genesis_layout":"","_jetpack_memberships_contains_paid_content":false,"footnotes":""},"categories":[22,7],"tags":[],"class_list":{"0":"post-75547","1":"post","2":"type-post","3":"status-publish","4":"format-standard","5":"has-post-thumbnail","7":"category-brasil","8":"category-economia","9":"entry","10":"gs-1","11":"gs-odd","12":"gs-even","13":"gs-featured-content-entry"},"jetpack_featured_media_url":"https:\/\/www.redenoticia.com.br\/noticia\/imagens\/computador-tecnologia.jpg","jetpack_sharing_enabled":true,"jetpack_likes_enabled":true,"_links":{"self":[{"href":"https:\/\/www.redenoticia.com.br\/noticia\/wp-json\/wp\/v2\/posts\/75547","targetHints":{"allow":["GET"]}}],"collection":[{"href":"https:\/\/www.redenoticia.com.br\/noticia\/wp-json\/wp\/v2\/posts"}],"about":[{"href":"https:\/\/www.redenoticia.com.br\/noticia\/wp-json\/wp\/v2\/types\/post"}],"author":[{"embeddable":true,"href":"https:\/\/www.redenoticia.com.br\/noticia\/wp-json\/wp\/v2\/users\/2"}],"replies":[{"embeddable":true,"href":"https:\/\/www.redenoticia.com.br\/noticia\/wp-json\/wp\/v2\/comments?post=75547"}],"version-history":[{"count":0,"href":"https:\/\/www.redenoticia.com.br\/noticia\/wp-json\/wp\/v2\/posts\/75547\/revisions"}],"wp:featuredmedia":[{"embeddable":true,"href":"https:\/\/www.redenoticia.com.br\/noticia\/wp-json\/wp\/v2\/media\/37419"}],"wp:attachment":[{"href":"https:\/\/www.redenoticia.com.br\/noticia\/wp-json\/wp\/v2\/media?parent=75547"}],"wp:term":[{"taxonomy":"category","embeddable":true,"href":"https:\/\/www.redenoticia.com.br\/noticia\/wp-json\/wp\/v2\/categories?post=75547"},{"taxonomy":"post_tag","embeddable":true,"href":"https:\/\/www.redenoticia.com.br\/noticia\/wp-json\/wp\/v2\/tags?post=75547"}],"curies":[{"name":"wp","href":"https:\/\/api.w.org\/{rel}","templated":true}]}}