{"id":75460,"date":"2015-09-22T19:36:52","date_gmt":"2015-09-22T22:36:52","guid":{"rendered":"http:\/\/www.redenoticia.com.br\/noticia\/?p=75460"},"modified":"2015-09-22T19:36:52","modified_gmt":"2015-09-22T22:36:52","slug":"governo-prorroga-adesao-a-parcelamento-de-dividas-de-grandes-empresas","status":"publish","type":"post","link":"https:\/\/www.redenoticia.com.br\/noticia\/2015\/governo-prorroga-adesao-a-parcelamento-de-dividas-de-grandes-empresas\/75460","title":{"rendered":"Governo prorroga ades\u00e3o a parcelamento de d\u00edvidas de grandes empresas"},"content":{"rendered":"<p>As grandes empresas que contestam <strong><em>d\u00edvidas com a Receita Federal<\/em><\/strong> e a Procuradoria-Geral da Fazenda Nacional ganharam um m\u00eas para aderir ao Programa de Redu\u00e7\u00e3o de Lit\u00edgio (Prorelit). A Medida Provis\u00f3ria 692, publicada em edi\u00e7\u00e3o extraordin\u00e1ria do Di\u00e1rio Oficial da Uni\u00e3o, prorroga de 30 de setembro para 30 de outubro o prazo de ades\u00e3o ao programa.<\/p>\n<p>O Prorelit permite a quita\u00e7\u00e3o de d\u00e9bitos com o uso de cr\u00e9ditos tribut\u00e1rios em troca de as companhias desistirem de questionar as d\u00edvidas na Justi\u00e7a ou na esfera administrativa.<\/p>\n<p>O governo espera arrecadar R$ 10 bilh\u00f5es com o programa.<\/p>\n<p>A medida provis\u00f3ria tamb\u00e9m reduziu a parcela inicial do Prorelit. Inicialmente, o contribuinte poderia quitar 43% do d\u00e9bito \u00e0 vista e pagar o restante com cr\u00e9ditos do Imposto de Renda Pessoa Jur\u00eddica (IRPJ) e da Contribui\u00e7\u00e3o Social sobre o Lucro L\u00edquido (CSLL), que representam o direito de empresas que tiveram preju\u00edzo em um ano de conseguirem desconto no pagamento dos dois tributos no ano seguinte. Agora, a parcela inicial caiu para 30% a 36% da d\u00edvida total.<\/p>\n<p>Quem optar por quitar 30% da d\u00edvida \u00e0 vista em outubro, poder\u00e1 pagar os 70% restantes com cr\u00e9ditos tribut\u00e1rios. A MP permite ainda que a empresa quite 33% da d\u00edvida em duas parcelas \u2013 em outubro e novembro \u2013 ou pague 36% em tr\u00eas parcelas \u2013 em outubro, novembro e dezembro. O Prorelit foi criado em julho, pela Medida Provis\u00f3ria 685, ainda em tramita\u00e7\u00e3o no Congresso.<\/p>\n<p>A MP 692 traz ainda a cria\u00e7\u00e3o de al\u00edquotas progressivas para o Imposto de Renda Pessoa F\u00edsica (IRPF) sobre ganhos de capital, cobradas quando um bem comprado por um valor \u00e9 vendido por um valor maior.<\/p>\n<p>Prevista para gerar R$ 1,8 bilh\u00e3o no pr\u00f3ximo ano, a medida faz parte do pacote fiscal anunciado pelo governo semana passada e estabelece al\u00edquotas adicionais de 20%, 25% e 30%, dependendo do valor de venda do bem. Atualmente, sobre o IRPF de ganhos de capital incide apenas uma al\u00edquota \u00fanica de 15%.<\/p>\n<p>Wellton M\u00e1ximo \u2013 Rep\u00f3rter da Ag\u00eancia Brasil<br \/>\nEdi\u00e7\u00e3o: Armando Cardoso<\/p>\n","protected":false},"excerpt":{"rendered":"<p>As grandes empresas que contestam d\u00edvidas com a Receita Federal e a Procuradoria-Geral da Fazenda Nacional ganharam um m\u00eas para aderir ao Programa de Redu\u00e7\u00e3o de Lit\u00edgio (Prorelit). A Medida Provis\u00f3ria 692, publicada em edi\u00e7\u00e3o extraordin\u00e1ria do Di\u00e1rio Oficial da Uni\u00e3o, prorroga de 30 de setembro para 30 de outubro o prazo de ades\u00e3o ao [&hellip;]<\/p>\n","protected":false},"author":2,"featured_media":57583,"comment_status":"open","ping_status":"closed","sticky":false,"template":"","format":"standard","meta":{"_genesis_hide_title":false,"_genesis_hide_breadcrumbs":false,"_genesis_hide_singular_image":false,"_genesis_hide_footer_widgets":false,"_genesis_custom_body_class":"","_genesis_custom_post_class":"","_genesis_layout":"","_jetpack_memberships_contains_paid_content":false,"footnotes":""},"categories":[22,7],"tags":[],"class_list":{"0":"post-75460","1":"post","2":"type-post","3":"status-publish","4":"format-standard","5":"has-post-thumbnail","7":"category-brasil","8":"category-economia","9":"entry","10":"gs-1","11":"gs-odd","12":"gs-even","13":"gs-featured-content-entry"},"jetpack_featured_media_url":"https:\/\/www.redenoticia.com.br\/noticia\/imagens\/economia-grafico.jpg","jetpack_sharing_enabled":true,"jetpack_likes_enabled":true,"_links":{"self":[{"href":"https:\/\/www.redenoticia.com.br\/noticia\/wp-json\/wp\/v2\/posts\/75460","targetHints":{"allow":["GET"]}}],"collection":[{"href":"https:\/\/www.redenoticia.com.br\/noticia\/wp-json\/wp\/v2\/posts"}],"about":[{"href":"https:\/\/www.redenoticia.com.br\/noticia\/wp-json\/wp\/v2\/types\/post"}],"author":[{"embeddable":true,"href":"https:\/\/www.redenoticia.com.br\/noticia\/wp-json\/wp\/v2\/users\/2"}],"replies":[{"embeddable":true,"href":"https:\/\/www.redenoticia.com.br\/noticia\/wp-json\/wp\/v2\/comments?post=75460"}],"version-history":[{"count":0,"href":"https:\/\/www.redenoticia.com.br\/noticia\/wp-json\/wp\/v2\/posts\/75460\/revisions"}],"wp:featuredmedia":[{"embeddable":true,"href":"https:\/\/www.redenoticia.com.br\/noticia\/wp-json\/wp\/v2\/media\/57583"}],"wp:attachment":[{"href":"https:\/\/www.redenoticia.com.br\/noticia\/wp-json\/wp\/v2\/media?parent=75460"}],"wp:term":[{"taxonomy":"category","embeddable":true,"href":"https:\/\/www.redenoticia.com.br\/noticia\/wp-json\/wp\/v2\/categories?post=75460"},{"taxonomy":"post_tag","embeddable":true,"href":"https:\/\/www.redenoticia.com.br\/noticia\/wp-json\/wp\/v2\/tags?post=75460"}],"curies":[{"name":"wp","href":"https:\/\/api.w.org\/{rel}","templated":true}]}}