{"id":75458,"date":"2015-09-22T19:34:26","date_gmt":"2015-09-22T22:34:26","guid":{"rendered":"http:\/\/www.redenoticia.com.br\/noticia\/?p=75458"},"modified":"2015-09-22T19:34:26","modified_gmt":"2015-09-22T22:34:26","slug":"gastos-em-viagens-internacionais-caem-46-em-agosto","status":"publish","type":"post","link":"https:\/\/www.redenoticia.com.br\/noticia\/2015\/gastos-em-viagens-internacionais-caem-46-em-agosto\/75458","title":{"rendered":"Gastos em viagens internacionais caem 46% em agosto"},"content":{"rendered":"<p> Os gastos de brasileiros em <strong><em>viagem ao exterior<\/em><\/strong> em agosto chegaram a US$ 1,263 bilh\u00e3o, queda de 46,26% em rela\u00e7\u00e3o ao mesmo m\u00eas de 2014 (US$ 2,350 bilh\u00f5es), de acordo com dados do Banco Central (BC).<\/p>\n<p>Nos oito meses do ano, essas despesas somaram US$ 12,879 bilh\u00f5es, queda de 25,13% na compara\u00e7\u00e3o com igual per\u00edodo do ano passado (US$ 17,201 bilh\u00f5es).<\/p>\n<p>O chefe do Departamento Econ\u00f4mico do BC, Tulio Maciel, destaca que a alta do d\u00f3lar influencia rapidamente \u2013 e com intensidade \u2013 os gastos com viagens internacionais. Maciel tamb\u00e9m citou a redu\u00e7\u00e3o da renda devido \u00e0 queda da atividade econ\u00f4mica. \u201cDe forma geral, acredito que o brasileiro viajar\u00e1 menos ao exterior tendo em vista o encarecimento de passagens \u00e1reas e das despesas no exterior de forma geral\u201d, disse.<\/p>\n<p>As receitas de estrangeiros em viagem no Brasil chegaram a US$ 436 milh\u00f5es, no m\u00eas passado, contra US$ 493 milh\u00f5es, em agosto de 2014. Nos oito meses do ano, as receitas ficaram em US$ 3,847 bilh\u00f5es, ante US$ 4,863 bilh\u00f5es em igual per\u00edodo 2014.<\/p>\n<p>Com esses resultados de despesas e receitas, o d\u00e9ficit na conta de viagens internacionais ficou em US$ 9,032 bilh\u00f5es, nos oito meses do ano. Hoje o BC revisou a proje\u00e7\u00e3o para o d\u00e9ficit em viagens internacionais de US$ 14,5 bilh\u00f5es para US$ 13 bilh\u00f5es este ano.<\/p>\n<p>Kelly Oliveira \u2013 Rep\u00f3rter da Ag\u00eancia Brasil<br \/>\nEdi\u00e7\u00e3o: Jos\u00e9 Romildo<\/p>\n","protected":false},"excerpt":{"rendered":"<p>Os gastos de brasileiros em viagem ao exterior em agosto chegaram a US$ 1,263 bilh\u00e3o, queda de 46,26% em rela\u00e7\u00e3o ao mesmo m\u00eas de 2014 (US$ 2,350 bilh\u00f5es), de acordo com dados do Banco Central (BC). Nos oito meses do ano, essas despesas somaram US$ 12,879 bilh\u00f5es, queda de 25,13% na compara\u00e7\u00e3o com igual per\u00edodo [&hellip;]<\/p>\n","protected":false},"author":2,"featured_media":40734,"comment_status":"open","ping_status":"closed","sticky":false,"template":"","format":"standard","meta":{"_genesis_hide_title":false,"_genesis_hide_breadcrumbs":false,"_genesis_hide_singular_image":false,"_genesis_hide_footer_widgets":false,"_genesis_custom_body_class":"","_genesis_custom_post_class":"","_genesis_layout":"","_jetpack_memberships_contains_paid_content":false,"footnotes":""},"categories":[22,7],"tags":[],"class_list":{"0":"post-75458","1":"post","2":"type-post","3":"status-publish","4":"format-standard","5":"has-post-thumbnail","7":"category-brasil","8":"category-economia","9":"entry","10":"gs-1","11":"gs-odd","12":"gs-even","13":"gs-featured-content-entry"},"jetpack_featured_media_url":"https:\/\/www.redenoticia.com.br\/noticia\/imagens\/economia-resultados.jpg","jetpack_sharing_enabled":true,"jetpack_likes_enabled":true,"_links":{"self":[{"href":"https:\/\/www.redenoticia.com.br\/noticia\/wp-json\/wp\/v2\/posts\/75458","targetHints":{"allow":["GET"]}}],"collection":[{"href":"https:\/\/www.redenoticia.com.br\/noticia\/wp-json\/wp\/v2\/posts"}],"about":[{"href":"https:\/\/www.redenoticia.com.br\/noticia\/wp-json\/wp\/v2\/types\/post"}],"author":[{"embeddable":true,"href":"https:\/\/www.redenoticia.com.br\/noticia\/wp-json\/wp\/v2\/users\/2"}],"replies":[{"embeddable":true,"href":"https:\/\/www.redenoticia.com.br\/noticia\/wp-json\/wp\/v2\/comments?post=75458"}],"version-history":[{"count":0,"href":"https:\/\/www.redenoticia.com.br\/noticia\/wp-json\/wp\/v2\/posts\/75458\/revisions"}],"wp:featuredmedia":[{"embeddable":true,"href":"https:\/\/www.redenoticia.com.br\/noticia\/wp-json\/wp\/v2\/media\/40734"}],"wp:attachment":[{"href":"https:\/\/www.redenoticia.com.br\/noticia\/wp-json\/wp\/v2\/media?parent=75458"}],"wp:term":[{"taxonomy":"category","embeddable":true,"href":"https:\/\/www.redenoticia.com.br\/noticia\/wp-json\/wp\/v2\/categories?post=75458"},{"taxonomy":"post_tag","embeddable":true,"href":"https:\/\/www.redenoticia.com.br\/noticia\/wp-json\/wp\/v2\/tags?post=75458"}],"curies":[{"name":"wp","href":"https:\/\/api.w.org\/{rel}","templated":true}]}}