{"id":75456,"date":"2015-09-22T19:32:17","date_gmt":"2015-09-22T22:32:17","guid":{"rendered":"http:\/\/www.redenoticia.com.br\/noticia\/?p=75456"},"modified":"2015-09-22T19:32:17","modified_gmt":"2015-09-22T22:32:17","slug":"intencao-de-consumo-das-familias-cai-24-em-setembro-diz-cnc","status":"publish","type":"post","link":"https:\/\/www.redenoticia.com.br\/noticia\/2015\/intencao-de-consumo-das-familias-cai-24-em-setembro-diz-cnc\/75456","title":{"rendered":"Inten\u00e7\u00e3o de consumo das fam\u00edlias cai 2,4% em setembro, diz CNC"},"content":{"rendered":"<p> A <strong><em>inten\u00e7\u00e3o de consumo<\/em><\/strong> das fam\u00edlias (ICF), de acordo com levantamento da Confedera\u00e7\u00e3o Nacional do Com\u00e9rcio de Bens, Servi\u00e7os e Turismo (CNC), teve queda de 2,4% em setembro deste ano, na compara\u00e7\u00e3o com o m\u00eas anterior. Na compara\u00e7\u00e3o com setembro do ano passado, a queda chegou a 34,5%, informou a CNC.<\/p>\n<p>O indicador teve a oitava queda consecutiva e segue no menor patamar desde o in\u00edcio da s\u00e9rie hist\u00f3rica, em 2010. Na compara\u00e7\u00e3o com agosto deste ano, houve recuos nos sete componentes do ICF, com destaque para a perspectiva de consumo, que caiu 5,5%.<\/p>\n<p>Na compara\u00e7\u00e3o com setembro de 2014, tamb\u00e9m houve quedas, ainda mais acentuadas, nos sete componentes. As maiores redu\u00e7\u00f5es foram observadas no momento para a compra de bens dur\u00e1veis (-51,8%) e na perspectiva de consumo (-50,4%).<\/p>\n<p>Vitor Abdala \u2013 Rep\u00f3rter da Ag\u00eancia Brasil<br \/>\nEdi\u00e7\u00e3o: Jos\u00e9 Romildo<\/p>\n<p>&#8212;<br \/>\nSobre a EBC<\/p>\n<p>A Empresa Brasil de Comunica\u00e7\u00e3o \u00e9 uma institui\u00e7\u00e3o da democracia brasileira: p\u00fablica, inclusiva e cidad\u00e3.  Criada em 2007 para fortalecer o sistema p\u00fablico de comunica\u00e7\u00e3o, \u00e9 gestora dos canais TV Brasil, TV Brasil Internacional, Ag\u00eancia Brasil, Radioag\u00eancia Nacional e do sistema p\u00fablico de R\u00e1dio \u2013 composto por oito emissoras. Estes, por sua independ\u00eancia editorial, distinguem-se dos canais estatais ou governamentais, com conte\u00fados diferenciados e complementares aos canais privados.<br \/>\nOs ve\u00edculos da EBC t\u00eam autonomia para definir produ\u00e7\u00e3o, programa\u00e7\u00e3o e distribui\u00e7\u00e3o de conte\u00fados.<\/p>\n","protected":false},"excerpt":{"rendered":"<p>A inten\u00e7\u00e3o de consumo das fam\u00edlias (ICF), de acordo com levantamento da Confedera\u00e7\u00e3o Nacional do Com\u00e9rcio de Bens, Servi\u00e7os e Turismo (CNC), teve queda de 2,4% em setembro deste ano, na compara\u00e7\u00e3o com o m\u00eas anterior. Na compara\u00e7\u00e3o com setembro do ano passado, a queda chegou a 34,5%, informou a CNC. O indicador teve a [&hellip;]<\/p>\n","protected":false},"author":2,"featured_media":57585,"comment_status":"open","ping_status":"closed","sticky":false,"template":"","format":"standard","meta":{"_genesis_hide_title":false,"_genesis_hide_breadcrumbs":false,"_genesis_hide_singular_image":false,"_genesis_hide_footer_widgets":false,"_genesis_custom_body_class":"","_genesis_custom_post_class":"","_genesis_layout":"","_jetpack_memberships_contains_paid_content":false,"footnotes":""},"categories":[22,7],"tags":[],"class_list":{"0":"post-75456","1":"post","2":"type-post","3":"status-publish","4":"format-standard","5":"has-post-thumbnail","7":"category-brasil","8":"category-economia","9":"entry","10":"gs-1","11":"gs-odd","12":"gs-even","13":"gs-featured-content-entry"},"jetpack_featured_media_url":"https:\/\/www.redenoticia.com.br\/noticia\/imagens\/analise-economia.jpg","jetpack_sharing_enabled":true,"jetpack_likes_enabled":true,"_links":{"self":[{"href":"https:\/\/www.redenoticia.com.br\/noticia\/wp-json\/wp\/v2\/posts\/75456","targetHints":{"allow":["GET"]}}],"collection":[{"href":"https:\/\/www.redenoticia.com.br\/noticia\/wp-json\/wp\/v2\/posts"}],"about":[{"href":"https:\/\/www.redenoticia.com.br\/noticia\/wp-json\/wp\/v2\/types\/post"}],"author":[{"embeddable":true,"href":"https:\/\/www.redenoticia.com.br\/noticia\/wp-json\/wp\/v2\/users\/2"}],"replies":[{"embeddable":true,"href":"https:\/\/www.redenoticia.com.br\/noticia\/wp-json\/wp\/v2\/comments?post=75456"}],"version-history":[{"count":0,"href":"https:\/\/www.redenoticia.com.br\/noticia\/wp-json\/wp\/v2\/posts\/75456\/revisions"}],"wp:featuredmedia":[{"embeddable":true,"href":"https:\/\/www.redenoticia.com.br\/noticia\/wp-json\/wp\/v2\/media\/57585"}],"wp:attachment":[{"href":"https:\/\/www.redenoticia.com.br\/noticia\/wp-json\/wp\/v2\/media?parent=75456"}],"wp:term":[{"taxonomy":"category","embeddable":true,"href":"https:\/\/www.redenoticia.com.br\/noticia\/wp-json\/wp\/v2\/categories?post=75456"},{"taxonomy":"post_tag","embeddable":true,"href":"https:\/\/www.redenoticia.com.br\/noticia\/wp-json\/wp\/v2\/tags?post=75456"}],"curies":[{"name":"wp","href":"https:\/\/api.w.org\/{rel}","templated":true}]}}