{"id":75454,"date":"2015-09-22T19:29:04","date_gmt":"2015-09-22T22:29:04","guid":{"rendered":"http:\/\/www.redenoticia.com.br\/noticia\/?p=75454"},"modified":"2015-09-22T19:29:04","modified_gmt":"2015-09-22T22:29:04","slug":"previa-da-inflacao-oficial-acumula-alta-de-957-em-12-meses","status":"publish","type":"post","link":"https:\/\/www.redenoticia.com.br\/noticia\/2015\/previa-da-inflacao-oficial-acumula-alta-de-957-em-12-meses\/75454","title":{"rendered":"Pr\u00e9via da infla\u00e7\u00e3o oficial acumula alta de 9,57% em 12 meses"},"content":{"rendered":"<p> A pr\u00e9via da <strong><em>infla\u00e7\u00e3o<\/em><\/strong> oficial, medida pelo \u00cdndice Nacional de Pre\u00e7os ao Consumidor Amplo \u2013 15 (IPCA-15), acumula alta de 9,57% no per\u00edodo de 12 meses. Segundo dados divulgados pelo Instituto Brasileiro de Geografia e Estat\u00edstica (IBGE), com a pr\u00e9via, a infla\u00e7\u00e3o oficial acumula taxa de 7,78% no ano.<\/p>\n<p>Apenas no m\u00eas de setembro, o \u00edndice ficou em 0,39%, igual ao de setembro de 2014 e inferior ao 0,43% da pr\u00e9via de agosto.<\/p>\n<p>O recuo da taxa entre agosto e setembro deste ano foi provocada, principalmente, pela queda de pre\u00e7os de 0,06% dos alimentos em setembro. Em agosto, o grupo alimenta\u00e7\u00e3o e bebidas teve uma infla\u00e7\u00e3o de 0,45%.<\/p>\n<p>Os alimentos consumidos em casa ficaram 0,37% mais baratos na pr\u00e9via de setembro, devido \u00e0 queda de pre\u00e7os de produtos como cebola (-13,77%), tomate (-13,14%) e cenoura (-10,29%). Por outro lado, os alimentos consumidos fora de casa tiveram aumento de pre\u00e7os de 0,51%.<\/p>\n<p>A infla\u00e7\u00e3o de 0,39% da pr\u00e9via de setembro foi mais influenciada pelos transportes (com infla\u00e7\u00e3o de 0,78%) e habita\u00e7\u00e3o (0,68%). Individualmente, os itens que mais contribu\u00edram para a taxa da pr\u00e9via de setembro foram as passagens a\u00e9reas (23,17%) e g\u00e1s de botij\u00e3o (5,34%). O IPCA-15 foi calculado com base em pre\u00e7os coletados entre 14 de agosto e 14 de setembro.<\/p>\n<p>Vitor Abdala \u2013 Rep\u00f3rter da Ag\u00eancia Brasil<br \/>\nEdi\u00e7\u00e3o: Jos\u00e9 Romildo<\/p>\n","protected":false},"excerpt":{"rendered":"<p>A pr\u00e9via da infla\u00e7\u00e3o oficial, medida pelo \u00cdndice Nacional de Pre\u00e7os ao Consumidor Amplo \u2013 15 (IPCA-15), acumula alta de 9,57% no per\u00edodo de 12 meses. Segundo dados divulgados pelo Instituto Brasileiro de Geografia e Estat\u00edstica (IBGE), com a pr\u00e9via, a infla\u00e7\u00e3o oficial acumula taxa de 7,78% no ano. Apenas no m\u00eas de setembro, o [&hellip;]<\/p>\n","protected":false},"author":2,"featured_media":34916,"comment_status":"open","ping_status":"closed","sticky":false,"template":"","format":"standard","meta":{"_genesis_hide_title":false,"_genesis_hide_breadcrumbs":false,"_genesis_hide_singular_image":false,"_genesis_hide_footer_widgets":false,"_genesis_custom_body_class":"","_genesis_custom_post_class":"","_genesis_layout":"","_jetpack_memberships_contains_paid_content":false,"footnotes":""},"categories":[22,7],"tags":[],"class_list":{"0":"post-75454","1":"post","2":"type-post","3":"status-publish","4":"format-standard","5":"has-post-thumbnail","7":"category-brasil","8":"category-economia","9":"entry","10":"gs-1","11":"gs-odd","12":"gs-even","13":"gs-featured-content-entry"},"jetpack_featured_media_url":"https:\/\/www.redenoticia.com.br\/noticia\/imagens\/inflacao.jpg","jetpack_sharing_enabled":true,"jetpack_likes_enabled":true,"_links":{"self":[{"href":"https:\/\/www.redenoticia.com.br\/noticia\/wp-json\/wp\/v2\/posts\/75454","targetHints":{"allow":["GET"]}}],"collection":[{"href":"https:\/\/www.redenoticia.com.br\/noticia\/wp-json\/wp\/v2\/posts"}],"about":[{"href":"https:\/\/www.redenoticia.com.br\/noticia\/wp-json\/wp\/v2\/types\/post"}],"author":[{"embeddable":true,"href":"https:\/\/www.redenoticia.com.br\/noticia\/wp-json\/wp\/v2\/users\/2"}],"replies":[{"embeddable":true,"href":"https:\/\/www.redenoticia.com.br\/noticia\/wp-json\/wp\/v2\/comments?post=75454"}],"version-history":[{"count":0,"href":"https:\/\/www.redenoticia.com.br\/noticia\/wp-json\/wp\/v2\/posts\/75454\/revisions"}],"wp:featuredmedia":[{"embeddable":true,"href":"https:\/\/www.redenoticia.com.br\/noticia\/wp-json\/wp\/v2\/media\/34916"}],"wp:attachment":[{"href":"https:\/\/www.redenoticia.com.br\/noticia\/wp-json\/wp\/v2\/media?parent=75454"}],"wp:term":[{"taxonomy":"category","embeddable":true,"href":"https:\/\/www.redenoticia.com.br\/noticia\/wp-json\/wp\/v2\/categories?post=75454"},{"taxonomy":"post_tag","embeddable":true,"href":"https:\/\/www.redenoticia.com.br\/noticia\/wp-json\/wp\/v2\/tags?post=75454"}],"curies":[{"name":"wp","href":"https:\/\/api.w.org\/{rel}","templated":true}]}}