{"id":75452,"date":"2015-09-22T19:25:08","date_gmt":"2015-09-22T22:25:08","guid":{"rendered":"http:\/\/www.redenoticia.com.br\/noticia\/?p=75452"},"modified":"2015-09-22T19:25:08","modified_gmt":"2015-09-22T22:25:08","slug":"sp-tem-recorde-de-inscritos-nos-centros-de-educacao-de-jovens-e-adultos","status":"publish","type":"post","link":"https:\/\/www.redenoticia.com.br\/noticia\/2015\/sp-tem-recorde-de-inscritos-nos-centros-de-educacao-de-jovens-e-adultos\/75452","title":{"rendered":"SP tem recorde de inscritos nos Centros de Educa\u00e7\u00e3o de Jovens e adultos"},"content":{"rendered":"<p>Um levantamento feito pela Secretaria de Educa\u00e7\u00e3o mostra um novo recorde no n\u00famero de alunos matriculados nos <strong><em>Centros Estaduais de Educa\u00e7\u00e3o de Jovens e Adultos<\/em><\/strong> (CEEJAS). Desde 2011, houve avan\u00e7o de 59,6% no n\u00famero de alunos, saindo de 52,6 mil em 2011 para os atuais 84 mil.<\/p>\n<p>Nas quatro unidades dos CEEJAS localizadas na capital e regi\u00f5es metropolitanas, o n\u00famero de alunos triplicou, passando de 5.410 em 2011 para 19,3 mil em 2015. Hor\u00e1rios flex\u00edveis e o interesse da popula\u00e7\u00e3o em terminar os estudos s\u00e3o apontados como principal causa para a procura.<\/p>\n<p>Atualmente, as unidades de ensino que concentram o maior n\u00famero de matr\u00edculas encontram-se em S\u00e3o Paulo, Sorocaba, Bauru, Taubat\u00e9 e Santos, totalizando 37 mil alunos inscritos.<\/p>\n<p>Trinta e uma unidades dos CEEJAS est\u00e3o distribu\u00eddas por todo o estado, atendendo alunos, com idade entre 15 e 84 anos, que n\u00e3o completaram a educa\u00e7\u00e3o b\u00e1sica na idade correta. A matr\u00edcula nos CEEJAs pode ser feita em qualquer \u00e9poca do ano.<\/p>\n<p>Do Portal do Governo do Estado SP<\/p>\n","protected":false},"excerpt":{"rendered":"<p>Um levantamento feito pela Secretaria de Educa\u00e7\u00e3o mostra um novo recorde no n\u00famero de alunos matriculados nos Centros Estaduais de Educa\u00e7\u00e3o de Jovens e Adultos (CEEJAS). Desde 2011, houve avan\u00e7o de 59,6% no n\u00famero de alunos, saindo de 52,6 mil em 2011 para os atuais 84 mil. Nas quatro unidades dos CEEJAS localizadas na capital [&hellip;]<\/p>\n","protected":false},"author":2,"featured_media":36262,"comment_status":"open","ping_status":"closed","sticky":false,"template":"","format":"standard","meta":{"_genesis_hide_title":false,"_genesis_hide_breadcrumbs":false,"_genesis_hide_singular_image":false,"_genesis_hide_footer_widgets":false,"_genesis_custom_body_class":"","_genesis_custom_post_class":"","_genesis_layout":"","_jetpack_memberships_contains_paid_content":false,"footnotes":""},"categories":[22],"tags":[],"class_list":{"0":"post-75452","1":"post","2":"type-post","3":"status-publish","4":"format-standard","5":"has-post-thumbnail","7":"category-brasil","8":"entry","9":"gs-1","10":"gs-odd","11":"gs-even","12":"gs-featured-content-entry"},"jetpack_featured_media_url":"https:\/\/www.redenoticia.com.br\/noticia\/imagens\/aluno-a.jpg","jetpack_sharing_enabled":true,"jetpack_likes_enabled":true,"_links":{"self":[{"href":"https:\/\/www.redenoticia.com.br\/noticia\/wp-json\/wp\/v2\/posts\/75452","targetHints":{"allow":["GET"]}}],"collection":[{"href":"https:\/\/www.redenoticia.com.br\/noticia\/wp-json\/wp\/v2\/posts"}],"about":[{"href":"https:\/\/www.redenoticia.com.br\/noticia\/wp-json\/wp\/v2\/types\/post"}],"author":[{"embeddable":true,"href":"https:\/\/www.redenoticia.com.br\/noticia\/wp-json\/wp\/v2\/users\/2"}],"replies":[{"embeddable":true,"href":"https:\/\/www.redenoticia.com.br\/noticia\/wp-json\/wp\/v2\/comments?post=75452"}],"version-history":[{"count":0,"href":"https:\/\/www.redenoticia.com.br\/noticia\/wp-json\/wp\/v2\/posts\/75452\/revisions"}],"wp:featuredmedia":[{"embeddable":true,"href":"https:\/\/www.redenoticia.com.br\/noticia\/wp-json\/wp\/v2\/media\/36262"}],"wp:attachment":[{"href":"https:\/\/www.redenoticia.com.br\/noticia\/wp-json\/wp\/v2\/media?parent=75452"}],"wp:term":[{"taxonomy":"category","embeddable":true,"href":"https:\/\/www.redenoticia.com.br\/noticia\/wp-json\/wp\/v2\/categories?post=75452"},{"taxonomy":"post_tag","embeddable":true,"href":"https:\/\/www.redenoticia.com.br\/noticia\/wp-json\/wp\/v2\/tags?post=75452"}],"curies":[{"name":"wp","href":"https:\/\/api.w.org\/{rel}","templated":true}]}}