{"id":75420,"date":"2015-09-21T20:45:27","date_gmt":"2015-09-21T23:45:27","guid":{"rendered":"http:\/\/www.redenoticia.com.br\/noticia\/?p=75420"},"modified":"2015-09-21T20:45:27","modified_gmt":"2015-09-21T23:45:27","slug":"devolucao-de-cheque-sem-fundo-atingiu-maior-taxa-de-agosto-em-24-anos","status":"publish","type":"post","link":"https:\/\/www.redenoticia.com.br\/noticia\/2015\/devolucao-de-cheque-sem-fundo-atingiu-maior-taxa-de-agosto-em-24-anos\/75420","title":{"rendered":"Devolu\u00e7\u00e3o de cheque sem fundo atingiu maior taxa de agosto em 24 anos"},"content":{"rendered":"<p> A <strong><em>inadimpl\u00eancia de cheques<\/em><\/strong> no m\u00eas de agosto alcan\u00e7ou 2,11% em rela\u00e7\u00e3o ao total de documentos compensados. O n\u00famero \u00e9 o maior j\u00e1 registrado para o per\u00edodo desde 1991, segundo o Indicador Serasa Experian de Cheques sem Fundos. Apesar do recorde, o cen\u00e1rio \u00e9 de ligeira melhora sobre as condi\u00e7\u00f5es de pagamento no m\u00eas de julho, quando foram devolvidos 2,29% do total de emiss\u00f5es.<\/p>\n<p>No acumulado de janeiro a agosto deste ano, o \u00edndice atingiu 2,19%, resultado pouco superior \u00e0 taxa verificada no mesmo per\u00edodo do ano passado (2,1%). Para os economistas da Serasa Experian, o resultado se deve ao desaquecimento da economia que trouxe mais desemprego, al\u00e9m de aumento da infla\u00e7\u00e3o e dos juros.<\/p>\n<p>Marli Moreira \u2013 Rep\u00f3rter da Ag\u00eancia Brasil<br \/>\nEdi\u00e7\u00e3o: Denise Griesinger<\/p>\n<p>&#8212;<br \/>\nSobre a EBC<\/p>\n<p>A Empresa Brasil de Comunica\u00e7\u00e3o \u00e9 uma institui\u00e7\u00e3o da democracia brasileira: p\u00fablica, inclusiva e cidad\u00e3.  Criada em 2007 para fortalecer o sistema p\u00fablico de comunica\u00e7\u00e3o, \u00e9 gestora dos canais TV Brasil, TV Brasil Internacional, Ag\u00eancia Brasil, Radioag\u00eancia Nacional e do sistema p\u00fablico de R\u00e1dio \u2013 composto por oito emissoras. Estes, por sua independ\u00eancia editorial, distinguem-se dos canais estatais ou governamentais, com conte\u00fados diferenciados e complementares aos canais privados. Os ve\u00edculos da EBC t\u00eam autonomia para definir produ\u00e7\u00e3o, programa\u00e7\u00e3o e distribui\u00e7\u00e3o de conte\u00fados.<\/p>\n","protected":false},"excerpt":{"rendered":"<p>A inadimpl\u00eancia de cheques no m\u00eas de agosto alcan\u00e7ou 2,11% em rela\u00e7\u00e3o ao total de documentos compensados. O n\u00famero \u00e9 o maior j\u00e1 registrado para o per\u00edodo desde 1991, segundo o Indicador Serasa Experian de Cheques sem Fundos. Apesar do recorde, o cen\u00e1rio \u00e9 de ligeira melhora sobre as condi\u00e7\u00f5es de pagamento no m\u00eas de [&hellip;]<\/p>\n","protected":false},"author":2,"featured_media":38940,"comment_status":"open","ping_status":"closed","sticky":false,"template":"","format":"standard","meta":{"_genesis_hide_title":false,"_genesis_hide_breadcrumbs":false,"_genesis_hide_singular_image":false,"_genesis_hide_footer_widgets":false,"_genesis_custom_body_class":"","_genesis_custom_post_class":"","_genesis_layout":"","_jetpack_memberships_contains_paid_content":false,"footnotes":""},"categories":[22,7],"tags":[],"class_list":{"0":"post-75420","1":"post","2":"type-post","3":"status-publish","4":"format-standard","5":"has-post-thumbnail","7":"category-brasil","8":"category-economia","9":"entry","10":"gs-1","11":"gs-odd","12":"gs-even","13":"gs-featured-content-entry"},"jetpack_featured_media_url":"https:\/\/www.redenoticia.com.br\/noticia\/imagens\/grafico.jpg","jetpack_sharing_enabled":true,"jetpack_likes_enabled":true,"_links":{"self":[{"href":"https:\/\/www.redenoticia.com.br\/noticia\/wp-json\/wp\/v2\/posts\/75420","targetHints":{"allow":["GET"]}}],"collection":[{"href":"https:\/\/www.redenoticia.com.br\/noticia\/wp-json\/wp\/v2\/posts"}],"about":[{"href":"https:\/\/www.redenoticia.com.br\/noticia\/wp-json\/wp\/v2\/types\/post"}],"author":[{"embeddable":true,"href":"https:\/\/www.redenoticia.com.br\/noticia\/wp-json\/wp\/v2\/users\/2"}],"replies":[{"embeddable":true,"href":"https:\/\/www.redenoticia.com.br\/noticia\/wp-json\/wp\/v2\/comments?post=75420"}],"version-history":[{"count":0,"href":"https:\/\/www.redenoticia.com.br\/noticia\/wp-json\/wp\/v2\/posts\/75420\/revisions"}],"wp:featuredmedia":[{"embeddable":true,"href":"https:\/\/www.redenoticia.com.br\/noticia\/wp-json\/wp\/v2\/media\/38940"}],"wp:attachment":[{"href":"https:\/\/www.redenoticia.com.br\/noticia\/wp-json\/wp\/v2\/media?parent=75420"}],"wp:term":[{"taxonomy":"category","embeddable":true,"href":"https:\/\/www.redenoticia.com.br\/noticia\/wp-json\/wp\/v2\/categories?post=75420"},{"taxonomy":"post_tag","embeddable":true,"href":"https:\/\/www.redenoticia.com.br\/noticia\/wp-json\/wp\/v2\/tags?post=75420"}],"curies":[{"name":"wp","href":"https:\/\/api.w.org\/{rel}","templated":true}]}}