{"id":75418,"date":"2015-09-21T20:42:51","date_gmt":"2015-09-21T23:42:51","guid":{"rendered":"http:\/\/www.redenoticia.com.br\/noticia\/?p=75418"},"modified":"2015-09-21T20:42:51","modified_gmt":"2015-09-21T23:42:51","slug":"brasil-deve-passar-a-usar-mais-fontes-de-energia-poluentes-preve-relatorio","status":"publish","type":"post","link":"https:\/\/www.redenoticia.com.br\/noticia\/2015\/brasil-deve-passar-a-usar-mais-fontes-de-energia-poluentes-preve-relatorio\/75418","title":{"rendered":"Brasil deve passar a usar mais fontes de energia poluentes, prev\u00ea relat\u00f3rio"},"content":{"rendered":"<p> O Brasil deve aumentar a participa\u00e7\u00e3o de fontes <strong><em>poluentes<\/em><\/strong> na matriz energ\u00e9tica nos pr\u00f3ximos anos, segundo an\u00e1lise feita pelo World Resources Institue (WRI). A organiza\u00e7\u00e3o internacional de pesquisa sobre sustentabilidade divulgou o relat\u00f3rio Oportunidades e Desafios para Aumentar Sinergias entre as Pol\u00edticas Clim\u00e1ticas e Energ\u00e9ticas no Brasil.<\/p>\n<p>Segundo o documento, mais de 70% dos investimentos previstos para o setor de energia no pa\u00eds entre 2013 e 2022 devem ser feitos em fontes com altas emiss\u00f5es de gases de efeito estufa. \u201cEm contraste com muitas das maiores economias emergentes, a matriz energ\u00e9tica do Brasil est\u00e1 se tornando mais intensiva em carbono, n\u00e3o menos, por causa do aumento da depend\u00eancia de combust\u00edveis f\u00f3sseis\u201d, diz o texto. Ao todo, est\u00e1 estimada a aloca\u00e7\u00e3o de US$ 500 bilh\u00f5es no per\u00edodo.<\/p>\n<p> A an\u00e1lise foi feita a partir das informa\u00e7\u00f5es divulgadas pelo Minist\u00e9rio de Minas e Energia e pela Empresa de Pesquisa Energ\u00e9tica. Assinam o relat\u00f3rio o professor do Instituto de Energia e Ambiente da Universidade de S\u00e3o Paulo, Oswaldo Lucon, a coordenadora de projetos de clima no WRI Brasil, Viviane Romeiro, e a diretora do Open Climate Network, Taryn Fransen.<\/p>\n<p>Ao longo dos anos, o Brasil conseguiu reduzir o desmatamento, diminuindo o impacto da mudan\u00e7a do uso da terra nas emiss\u00f5es de carbono. De 2005 a 2011, a polui\u00e7\u00e3o gerada dessa maneira caiu 74%, de acordo com os dados do Minist\u00e9rio da Ci\u00eancia e Tecnologia citados no relat\u00f3rio. Por outro lado, as emiss\u00f5es do setor de energia cresceram 24% no mesmo per\u00edodo, ap\u00f3s terem registrado aumento de 44% na d\u00e9cada anterior (de 1995 a 2005).<\/p>\n<p>Para reverter a tend\u00eancia, os pesquisadores ressaltam a import\u00e2ncia de aumentar a efici\u00eancia e buscar alternativas menos poluentes para o setor de transportes. \u201c\u00c0 exce\u00e7\u00e3o de algumas cidades, o Brasil tem oferecido poucos incentivos at\u00e9 agora para fazer mudan\u00e7as em dire\u00e7\u00e3o a modos de transporte mais eficientes, incluindo o transporte sobre trilhos e o BRT (Bus Rapid Transit). Uma s\u00e9rie de reformas nos n\u00edveis federal, estadual e municipal, poderia ajudar a acelerar essa mudan\u00e7a\u201d, destaca o texto.<\/p>\n<p>Integrar e otimizar o transporte p\u00fablico pode, de acordo com o estudo, al\u00e9m de trazer benef\u00edcios na mitiga\u00e7\u00e3o das mudan\u00e7as clim\u00e1ticas, melhorar a qualidade de vida nas cidades. \u201cOs benef\u00edcios de investir em transporte de massa de passageiros nos maiores centros urbanos incluem a redu\u00e7\u00e3o da polui\u00e7\u00e3o do ar e melhora do tr\u00e2nsito\u201d, destaca o documento. Entre as medidas nesse sentido \u00e9 apontado o incentivo a transporte por trilhos, para reduzir o uso de carros em longas dist\u00e2ncias. Os pesquisadores tamb\u00e9m defendem que o governo federal, por meio do Minist\u00e9rio das Cidades, fomente a cria\u00e7\u00e3o de planos locais de mobilidade, que prevejam a\u00e7\u00f5es para restringir o uso dos carros.<\/p>\n<p>O investimento em gera\u00e7\u00e3o de energia por meio de fontes limpas, como solar e e\u00f3lica, \u00e9 outro ponto abordado pelo relat\u00f3rio. De acordo com o documento, h\u00e1 grande espa\u00e7o para expans\u00e3o nessa \u00e1rea, inclusive na quest\u00e3o do desenvolvimento tecnol\u00f3gico. \u201cExistem oportunidades significativas inexploradas pelo Brasil nesse campo: a alta incid\u00eancia de raios solares, os custos declinantes e uma forte intera\u00e7\u00e3o entre o setor de energia fotovoltaica [solar] e as ind\u00fastrias de componentes eletr\u00f4nicos, em rela\u00e7\u00e3o ao valor agregado da cadeia\u201d.<\/p>\n<p>O Brasil est\u00e1 tentando costurar um acordo global para a 21\u00aa Confer\u00eancia do Clima (COP 21), que ser\u00e1 realizada em dezembro pr\u00f3ximo, em Paris. Segundo a ministra do Meio Ambiente, Izabella Teixeira, o principal objetivo \u00e9 garantir um compromisso entre os pa\u00edses para diminuir a emiss\u00e3o de gases de efeito estufa, reduzindo o aquecimento global e limitando o aumento da temperatura em 2\u00baC at\u00e9 2100.<\/p>\n<p>Daniel Mello &#8211; Rep\u00f3rter da Ag\u00eancia Brasil<br \/>\nEdi\u00e7\u00e3o: Gra\u00e7a Adjuto<\/p>\n","protected":false},"excerpt":{"rendered":"<p>O Brasil deve aumentar a participa\u00e7\u00e3o de fontes poluentes na matriz energ\u00e9tica nos pr\u00f3ximos anos, segundo an\u00e1lise feita pelo World Resources Institue (WRI). A organiza\u00e7\u00e3o internacional de pesquisa sobre sustentabilidade divulgou o relat\u00f3rio Oportunidades e Desafios para Aumentar Sinergias entre as Pol\u00edticas Clim\u00e1ticas e Energ\u00e9ticas no Brasil. Segundo o documento, mais de 70% dos investimentos [&hellip;]<\/p>\n","protected":false},"author":2,"featured_media":35207,"comment_status":"open","ping_status":"closed","sticky":false,"template":"","format":"standard","meta":{"_genesis_hide_title":false,"_genesis_hide_breadcrumbs":false,"_genesis_hide_singular_image":false,"_genesis_hide_footer_widgets":false,"_genesis_custom_body_class":"","_genesis_custom_post_class":"","_genesis_layout":"","_jetpack_memberships_contains_paid_content":false,"footnotes":""},"categories":[22],"tags":[],"class_list":{"0":"post-75418","1":"post","2":"type-post","3":"status-publish","4":"format-standard","5":"has-post-thumbnail","7":"category-brasil","8":"entry","9":"gs-1","10":"gs-odd","11":"gs-even","12":"gs-featured-content-entry"},"jetpack_featured_media_url":"https:\/\/www.redenoticia.com.br\/noticia\/imagens\/transito-estradas.jpg","jetpack_sharing_enabled":true,"jetpack_likes_enabled":true,"_links":{"self":[{"href":"https:\/\/www.redenoticia.com.br\/noticia\/wp-json\/wp\/v2\/posts\/75418","targetHints":{"allow":["GET"]}}],"collection":[{"href":"https:\/\/www.redenoticia.com.br\/noticia\/wp-json\/wp\/v2\/posts"}],"about":[{"href":"https:\/\/www.redenoticia.com.br\/noticia\/wp-json\/wp\/v2\/types\/post"}],"author":[{"embeddable":true,"href":"https:\/\/www.redenoticia.com.br\/noticia\/wp-json\/wp\/v2\/users\/2"}],"replies":[{"embeddable":true,"href":"https:\/\/www.redenoticia.com.br\/noticia\/wp-json\/wp\/v2\/comments?post=75418"}],"version-history":[{"count":0,"href":"https:\/\/www.redenoticia.com.br\/noticia\/wp-json\/wp\/v2\/posts\/75418\/revisions"}],"wp:featuredmedia":[{"embeddable":true,"href":"https:\/\/www.redenoticia.com.br\/noticia\/wp-json\/wp\/v2\/media\/35207"}],"wp:attachment":[{"href":"https:\/\/www.redenoticia.com.br\/noticia\/wp-json\/wp\/v2\/media?parent=75418"}],"wp:term":[{"taxonomy":"category","embeddable":true,"href":"https:\/\/www.redenoticia.com.br\/noticia\/wp-json\/wp\/v2\/categories?post=75418"},{"taxonomy":"post_tag","embeddable":true,"href":"https:\/\/www.redenoticia.com.br\/noticia\/wp-json\/wp\/v2\/tags?post=75418"}],"curies":[{"name":"wp","href":"https:\/\/api.w.org\/{rel}","templated":true}]}}