{"id":75416,"date":"2015-09-21T20:40:16","date_gmt":"2015-09-21T23:40:16","guid":{"rendered":"http:\/\/www.redenoticia.com.br\/noticia\/?p=75416"},"modified":"2015-09-21T20:40:16","modified_gmt":"2015-09-21T23:40:16","slug":"atividade-economica-registra-queda-de-002-em-julho-diz-bc","status":"publish","type":"post","link":"https:\/\/www.redenoticia.com.br\/noticia\/2015\/atividade-economica-registra-queda-de-002-em-julho-diz-bc\/75416","title":{"rendered":"Atividade econ\u00f4mica registra queda de 0,02% em julho, diz BC"},"content":{"rendered":"<p> O <strong><em>\u00cdndice de Atividade Econ\u00f4mica<\/em><\/strong> do Banco Central (IBC-Br) dessazonalizado (ajustado para o per\u00edodo) apresentou queda de 0,02%, em julho, na compara\u00e7\u00e3o com junho. <\/p>\n<p>Esse \u00e9 o segundo m\u00eas seguido de queda. Em junho comparado a maio, houve queda de 0,73%, de acordo com os dados revisados. Nos sete meses do ano, apenas em fevereiro e em maio houve crescimento: 0,75% e 0,06%, respectivamente, na compara\u00e7\u00e3o com os meses anteriores.<\/p>\n<p>Em rela\u00e7\u00e3o a julho de 2014, houve de queda de 4,25%, de acordo os dados sem ajustes para o per\u00edodo, j\u00e1 que a compara\u00e7\u00e3o \u00e9 feita entre meses iguais.<\/p>\n<p>Nos sete meses do ano, contra igual per\u00edodo de 2014, houve queda de 2,74%. Em 12 meses encerrados em julho, a retra\u00e7\u00e3o chegou a 1,93% (dados sem ajuste).<\/p>\n<p>O IBC-Br \u00e9 uma forma de avaliar a evolu\u00e7\u00e3o da atividade econ\u00f4mica brasileira a cada m\u00eas. O indicador oficial sobre o desempenho da economia \u00e9 o Produto Interno Bruto (PIB), elaborado pelo Instituto Brasileiro de Geografia e Estat\u00edstica (IBGE) e divulgado trimestralmente. Na avalia\u00e7\u00e3o do mercado financeiro, o PIB deve ter queda de 2,7%, este ano.<\/p>\n<p>Kelly Oliveira \u2013 Rep\u00f3rter da Ag\u00eancia Brasil<br \/>\nEdi\u00e7\u00e3o: Jos\u00e9 Romildo<\/p>\n","protected":false},"excerpt":{"rendered":"<p>O \u00cdndice de Atividade Econ\u00f4mica do Banco Central (IBC-Br) dessazonalizado (ajustado para o per\u00edodo) apresentou queda de 0,02%, em julho, na compara\u00e7\u00e3o com junho. Esse \u00e9 o segundo m\u00eas seguido de queda. Em junho comparado a maio, houve queda de 0,73%, de acordo com os dados revisados. Nos sete meses do ano, apenas em fevereiro [&hellip;]<\/p>\n","protected":false},"author":2,"featured_media":57585,"comment_status":"open","ping_status":"closed","sticky":false,"template":"","format":"standard","meta":{"_genesis_hide_title":false,"_genesis_hide_breadcrumbs":false,"_genesis_hide_singular_image":false,"_genesis_hide_footer_widgets":false,"_genesis_custom_body_class":"","_genesis_custom_post_class":"","_genesis_layout":"","_jetpack_memberships_contains_paid_content":false,"footnotes":""},"categories":[22,7],"tags":[],"class_list":{"0":"post-75416","1":"post","2":"type-post","3":"status-publish","4":"format-standard","5":"has-post-thumbnail","7":"category-brasil","8":"category-economia","9":"entry","10":"gs-1","11":"gs-odd","12":"gs-even","13":"gs-featured-content-entry"},"jetpack_featured_media_url":"https:\/\/www.redenoticia.com.br\/noticia\/imagens\/analise-economia.jpg","jetpack_sharing_enabled":true,"jetpack_likes_enabled":true,"_links":{"self":[{"href":"https:\/\/www.redenoticia.com.br\/noticia\/wp-json\/wp\/v2\/posts\/75416","targetHints":{"allow":["GET"]}}],"collection":[{"href":"https:\/\/www.redenoticia.com.br\/noticia\/wp-json\/wp\/v2\/posts"}],"about":[{"href":"https:\/\/www.redenoticia.com.br\/noticia\/wp-json\/wp\/v2\/types\/post"}],"author":[{"embeddable":true,"href":"https:\/\/www.redenoticia.com.br\/noticia\/wp-json\/wp\/v2\/users\/2"}],"replies":[{"embeddable":true,"href":"https:\/\/www.redenoticia.com.br\/noticia\/wp-json\/wp\/v2\/comments?post=75416"}],"version-history":[{"count":0,"href":"https:\/\/www.redenoticia.com.br\/noticia\/wp-json\/wp\/v2\/posts\/75416\/revisions"}],"wp:featuredmedia":[{"embeddable":true,"href":"https:\/\/www.redenoticia.com.br\/noticia\/wp-json\/wp\/v2\/media\/57585"}],"wp:attachment":[{"href":"https:\/\/www.redenoticia.com.br\/noticia\/wp-json\/wp\/v2\/media?parent=75416"}],"wp:term":[{"taxonomy":"category","embeddable":true,"href":"https:\/\/www.redenoticia.com.br\/noticia\/wp-json\/wp\/v2\/categories?post=75416"},{"taxonomy":"post_tag","embeddable":true,"href":"https:\/\/www.redenoticia.com.br\/noticia\/wp-json\/wp\/v2\/tags?post=75416"}],"curies":[{"name":"wp","href":"https:\/\/api.w.org\/{rel}","templated":true}]}}