{"id":75344,"date":"2015-09-18T19:56:19","date_gmt":"2015-09-18T22:56:19","guid":{"rendered":"http:\/\/www.redenoticia.com.br\/noticia\/?p=75344"},"modified":"2015-09-18T19:56:19","modified_gmt":"2015-09-18T22:56:19","slug":"arrecadacao-federal-atinge-menor-nivel-em-cinco-anos","status":"publish","type":"post","link":"https:\/\/www.redenoticia.com.br\/noticia\/2015\/arrecadacao-federal-atinge-menor-nivel-em-cinco-anos\/75344","title":{"rendered":"Arrecada\u00e7\u00e3o federal atinge menor n\u00edvel em cinco anos"},"content":{"rendered":"<p>O fraco desempenho da economia e os parcelamentos especiais concedidos no ano passado que n\u00e3o se repetiram este ano fizeram a <em><strong>arrecada\u00e7\u00e3o federal<\/strong><\/em> atingir, em agosto, o menor n\u00edvel em cinco anos. Segundo n\u00fameros divulgados h\u00e1 pouco pela Receita Federal, foram arrecadados R$ 93,738 bilh\u00f5es no m\u00eas passado, com queda real (descontada a infla\u00e7\u00e3o oficial) de 9,32% em rela\u00e7\u00e3o a agosto do ano passado. O valor \u00e9 o mais baixo para o m\u00eas desde 2010.<\/p>\n<p>No acumulado do ano, a arrecada\u00e7\u00e3o tamb\u00e9m caiu. De janeiro a agosto, o governo arrecadou R$ 805,814 bilh\u00f5es, com queda de 3,68% em rela\u00e7\u00e3o ao mesmo per\u00edodo de 2014, tamb\u00e9m descontada a infla\u00e7\u00e3o oficial pelo \u00cdndice Nacional de Pre\u00e7os ao Consumidor Amplo (IPCA). O montante tamb\u00e9m \u00e9 o menor para o per\u00edodo desde 2010.<\/p>\n<p>Segundo a Receita Federal, a queda da atividade econ\u00f4mica representa o principal fator de diminui\u00e7\u00e3o na arrecada\u00e7\u00e3o. A redu\u00e7\u00e3o de 6,18% na produ\u00e7\u00e3o industrial no acumulado do ano diminuiu a arrecada\u00e7\u00e3o de Imposto sobre Produtos Industrializados (IPI) em 7,08%, em valores corrigidos pelo IPCA nos oito primeiros meses do ano.<\/p>\n<p>A queda de 5,80% nas vendas de bens e de servi\u00e7os reduziu a arrecada\u00e7\u00e3o do Programa de Integra\u00e7\u00e3o Social (PIS) e da Contribui\u00e7\u00e3o para o Financiamento da Seguridade Social (Cofins) em 3,15% na mesma compara\u00e7\u00e3o, tamb\u00e9m descontando a infla\u00e7\u00e3o.<\/p>\n<p>O crescimento de 5,15% da massa salarial, abaixo do IPCA acumulado de 9,53% nos \u00faltimos 12 meses, fez a arrecada\u00e7\u00e3o da Previd\u00eancia Social cair, em 2015, 4,37% em termos reais. Os tributos que lideram a queda de receitas, no entanto, s\u00e3o o Imposto de Renda Pessoa Jur\u00eddica (IRPJ) e a Contribui\u00e7\u00e3o Social sobre o Lucro L\u00edquido (CSLL), que ca\u00edram 12,16% de janeiro a agosto ,descontando a infla\u00e7\u00e3o por causa da queda da lucratividade das empresas.<\/p>\n<p>De acordo com a Receita Federal, outro motivo para a queda na arrecada\u00e7\u00e3o em agosto foi o Refis da Copa, programa especial de renegocia\u00e7\u00e3o de d\u00edvidas de contribuintes com a Uni\u00e3o, que ocorreu em agosto do ano passado.<\/p>\n<p>Naquele m\u00eas, o pagamento da primeira parcela rendeu ao governo R$ 7,13 bilh\u00f5es. Em agosto deste ano, os contribuintes que n\u00e3o desistiram do parcelamento pagaram apenas R$ 2,25 bilh\u00f5es.<\/p>\n<p>As desonera\u00e7\u00f5es concedidas nos \u00faltimos anos tamb\u00e9m t\u00eam afetado a arrecada\u00e7\u00e3o, com impacto de R$ 71,549 bilh\u00f5es no caixa do governo nos oito primeiros meses do ano. As medidas de incentivo fiscal que mais reduziram as receitas da Uni\u00e3o s\u00e3o a desonera\u00e7\u00e3o da folha de pagamento (R$ 16,1 bilh\u00f5es) e a amplia\u00e7\u00e3o de setores inclu\u00eddos no Simples Nacional (R$ 7,7 bilh\u00f5es).<\/p>\n<p>Aprovada em agosto pelo Senado, a lei que reverte parte da desonera\u00e7\u00e3o da folha de pagamento s\u00f3 dever\u00e1 entrar em vigor no fim do ano.<\/p>\n<p>Wellton M\u00e1ximo \u2013 Rep\u00f3rter da Ag\u00eancia Brasil<br \/>\nEdi\u00e7\u00e3o: Armando Cardoso<\/p>\n","protected":false},"excerpt":{"rendered":"<p>O fraco desempenho da economia e os parcelamentos especiais concedidos no ano passado que n\u00e3o se repetiram este ano fizeram a arrecada\u00e7\u00e3o federal atingir, em agosto, o menor n\u00edvel em cinco anos. Segundo n\u00fameros divulgados h\u00e1 pouco pela Receita Federal, foram arrecadados R$ 93,738 bilh\u00f5es no m\u00eas passado, com queda real (descontada a infla\u00e7\u00e3o oficial) [&hellip;]<\/p>\n","protected":false},"author":2,"featured_media":40734,"comment_status":"open","ping_status":"closed","sticky":false,"template":"","format":"standard","meta":{"_genesis_hide_title":false,"_genesis_hide_breadcrumbs":false,"_genesis_hide_singular_image":false,"_genesis_hide_footer_widgets":false,"_genesis_custom_body_class":"","_genesis_custom_post_class":"","_genesis_layout":"","_jetpack_memberships_contains_paid_content":false,"footnotes":""},"categories":[22,7],"tags":[],"class_list":{"0":"post-75344","1":"post","2":"type-post","3":"status-publish","4":"format-standard","5":"has-post-thumbnail","7":"category-brasil","8":"category-economia","9":"entry","10":"gs-1","11":"gs-odd","12":"gs-even","13":"gs-featured-content-entry"},"jetpack_featured_media_url":"https:\/\/www.redenoticia.com.br\/noticia\/imagens\/economia-resultados.jpg","jetpack_sharing_enabled":true,"jetpack_likes_enabled":true,"_links":{"self":[{"href":"https:\/\/www.redenoticia.com.br\/noticia\/wp-json\/wp\/v2\/posts\/75344","targetHints":{"allow":["GET"]}}],"collection":[{"href":"https:\/\/www.redenoticia.com.br\/noticia\/wp-json\/wp\/v2\/posts"}],"about":[{"href":"https:\/\/www.redenoticia.com.br\/noticia\/wp-json\/wp\/v2\/types\/post"}],"author":[{"embeddable":true,"href":"https:\/\/www.redenoticia.com.br\/noticia\/wp-json\/wp\/v2\/users\/2"}],"replies":[{"embeddable":true,"href":"https:\/\/www.redenoticia.com.br\/noticia\/wp-json\/wp\/v2\/comments?post=75344"}],"version-history":[{"count":0,"href":"https:\/\/www.redenoticia.com.br\/noticia\/wp-json\/wp\/v2\/posts\/75344\/revisions"}],"wp:featuredmedia":[{"embeddable":true,"href":"https:\/\/www.redenoticia.com.br\/noticia\/wp-json\/wp\/v2\/media\/40734"}],"wp:attachment":[{"href":"https:\/\/www.redenoticia.com.br\/noticia\/wp-json\/wp\/v2\/media?parent=75344"}],"wp:term":[{"taxonomy":"category","embeddable":true,"href":"https:\/\/www.redenoticia.com.br\/noticia\/wp-json\/wp\/v2\/categories?post=75344"},{"taxonomy":"post_tag","embeddable":true,"href":"https:\/\/www.redenoticia.com.br\/noticia\/wp-json\/wp\/v2\/tags?post=75344"}],"curies":[{"name":"wp","href":"https:\/\/api.w.org\/{rel}","templated":true}]}}