{"id":75342,"date":"2015-09-18T19:54:36","date_gmt":"2015-09-18T22:54:36","guid":{"rendered":"http:\/\/www.redenoticia.com.br\/noticia\/?p=75342"},"modified":"2015-09-18T19:54:36","modified_gmt":"2015-09-18T22:54:36","slug":"confianca-dos-empresarios-cai-em-setembro","status":"publish","type":"post","link":"https:\/\/www.redenoticia.com.br\/noticia\/2015\/confianca-dos-empresarios-cai-em-setembro\/75342","title":{"rendered":"Confian\u00e7a dos empres\u00e1rios cai em setembro"},"content":{"rendered":"<p>A <em><strong>confian\u00e7a dos empres\u00e1rios da ind\u00fastria<\/strong><\/em> voltou a cair ap\u00f3s a estabilidade registrada em agosto, informou a Confedera\u00e7\u00e3o Nacional da Ind\u00fastria (CNI). O \u00cdndice de Confian\u00e7a do Empres\u00e1rio Industrial (Icei) apresentou queda 1,4 ponto em setembro e ficou em 35,7 pontos, o menor valor da s\u00e9rie hist\u00f3rica, iniciada em 1999. O valor \u00e9 10,9 pontos menor que o registrado em setembro de 2014 e 19,8 pontos inferior \u00e0 m\u00e9dia hist\u00f3rica do \u00edndice.<\/p>\n<p>Segundo a CNI, com esse resultado, o indicador completa um ano e meio abaixo dos 50 pontos, o que sinaliza pessimismo dos industriais. O Icei varia de zero a cem pontos. Valores abaixo de 50 indicam falta de confian\u00e7a dos empres\u00e1rios.<\/p>\n<p>Entre as empresas de m\u00e9dio porte, o Icei caiu de 36,8 para 35,1 pontos entre agosto e setembro. Nas grandes empresas, passou de 37,8 para 36,1 pontos no per\u00edodo. J\u00e1 entre os pequenos neg\u00f3cios, o indicador ficou praticamente est\u00e1vel: variou de 35,8 pontos, em agosto, para 35,5 pontos, em setembro.<\/p>\n<p>A avalia\u00e7\u00e3o dos empres\u00e1rios sobre as condi\u00e7\u00f5es atuais da economia e da empresa variou de 28,1 para 27,5 pontos no per\u00edodo, oscilando dentro da margem de erro.<\/p>\n<p>O levantamento da CNI foi realizada entre 1\u00ba e 14 de setembro com 2.972 empresas de todo o pa\u00eds. Dessas, 1.182 s\u00e3o pequenas, 1.099 s\u00e3o m\u00e9dias e 691 s\u00e3o de grande porte.<\/p>\n<p>Kelly Oliveira \u2013 Rep\u00f3rter da Ag\u00eancia Brasil<br \/>\nEdi\u00e7\u00e3o: Jos\u00e9 Romildo<\/p>\n","protected":false},"excerpt":{"rendered":"<p>A confian\u00e7a dos empres\u00e1rios da ind\u00fastria voltou a cair ap\u00f3s a estabilidade registrada em agosto, informou a Confedera\u00e7\u00e3o Nacional da Ind\u00fastria (CNI). O \u00cdndice de Confian\u00e7a do Empres\u00e1rio Industrial (Icei) apresentou queda 1,4 ponto em setembro e ficou em 35,7 pontos, o menor valor da s\u00e9rie hist\u00f3rica, iniciada em 1999. O valor \u00e9 10,9 pontos [&hellip;]<\/p>\n","protected":false},"author":2,"featured_media":57583,"comment_status":"open","ping_status":"closed","sticky":false,"template":"","format":"standard","meta":{"_genesis_hide_title":false,"_genesis_hide_breadcrumbs":false,"_genesis_hide_singular_image":false,"_genesis_hide_footer_widgets":false,"_genesis_custom_body_class":"","_genesis_custom_post_class":"","_genesis_layout":"","_jetpack_memberships_contains_paid_content":false,"footnotes":""},"categories":[22,7],"tags":[],"class_list":{"0":"post-75342","1":"post","2":"type-post","3":"status-publish","4":"format-standard","5":"has-post-thumbnail","7":"category-brasil","8":"category-economia","9":"entry","10":"gs-1","11":"gs-odd","12":"gs-even","13":"gs-featured-content-entry"},"jetpack_featured_media_url":"https:\/\/www.redenoticia.com.br\/noticia\/imagens\/economia-grafico.jpg","jetpack_sharing_enabled":true,"jetpack_likes_enabled":true,"_links":{"self":[{"href":"https:\/\/www.redenoticia.com.br\/noticia\/wp-json\/wp\/v2\/posts\/75342","targetHints":{"allow":["GET"]}}],"collection":[{"href":"https:\/\/www.redenoticia.com.br\/noticia\/wp-json\/wp\/v2\/posts"}],"about":[{"href":"https:\/\/www.redenoticia.com.br\/noticia\/wp-json\/wp\/v2\/types\/post"}],"author":[{"embeddable":true,"href":"https:\/\/www.redenoticia.com.br\/noticia\/wp-json\/wp\/v2\/users\/2"}],"replies":[{"embeddable":true,"href":"https:\/\/www.redenoticia.com.br\/noticia\/wp-json\/wp\/v2\/comments?post=75342"}],"version-history":[{"count":0,"href":"https:\/\/www.redenoticia.com.br\/noticia\/wp-json\/wp\/v2\/posts\/75342\/revisions"}],"wp:featuredmedia":[{"embeddable":true,"href":"https:\/\/www.redenoticia.com.br\/noticia\/wp-json\/wp\/v2\/media\/57583"}],"wp:attachment":[{"href":"https:\/\/www.redenoticia.com.br\/noticia\/wp-json\/wp\/v2\/media?parent=75342"}],"wp:term":[{"taxonomy":"category","embeddable":true,"href":"https:\/\/www.redenoticia.com.br\/noticia\/wp-json\/wp\/v2\/categories?post=75342"},{"taxonomy":"post_tag","embeddable":true,"href":"https:\/\/www.redenoticia.com.br\/noticia\/wp-json\/wp\/v2\/tags?post=75342"}],"curies":[{"name":"wp","href":"https:\/\/api.w.org\/{rel}","templated":true}]}}