{"id":75340,"date":"2015-09-18T19:52:41","date_gmt":"2015-09-18T22:52:41","guid":{"rendered":"http:\/\/www.redenoticia.com.br\/noticia\/?p=75340"},"modified":"2015-09-18T19:52:41","modified_gmt":"2015-09-18T22:52:41","slug":"empregos-na-industria-recuam-07-em-julho","status":"publish","type":"post","link":"https:\/\/www.redenoticia.com.br\/noticia\/2015\/empregos-na-industria-recuam-07-em-julho\/75340","title":{"rendered":"Empregos na ind\u00fastria recuam 0,7% em julho"},"content":{"rendered":"<p>A ind\u00fastria brasileira perdeu 0,7% de seus <em><strong>postos de trabalho<\/strong><\/em> de junho para julho deste ano, segundo a Pesquisa Industrial Mensal de Emprego e Sal\u00e1rio (Pimes), divulgada pelo Instituto Brasileiro de Geografia e Estat\u00edstica (IBGE).<\/p>\n<p>O total de pessoal ocupado na ind\u00fastria em julho deste ano \u00e9 6,4% inferior ao total de julho de 2014. Essa \u00e9 a 46\u00aa queda consecutiva neste tipo de compara\u00e7\u00e3o e a mais intensa desde julho de 2009, quando atingiu -6,7%. O emprego na ind\u00fastria tem quedas acumuladas de 5,4% no ano e de 4,9% no per\u00edodo de 12 meses.<\/p>\n<p>A queda de 6,4% na compara\u00e7\u00e3o com julho de 2014 pode ser explicada por perdas de postos de trabalho em 17 dos 18 setores pesquisados pelo IBGE, com destaque para meios de transporte (-11,9%), m\u00e1quinas e aparelhos eletroeletr\u00f4nicos e de comunica\u00e7\u00f5es (-15,1%), m\u00e1quinas e equipamentos (-9,1%), produtos de metal (-10,7%) e alimentos e bebidas (-2,8%).<\/p>\n<p>O IBGE tamb\u00e9m registrou resultados negativos em todos os tipos de compara\u00e7\u00e3o temporal, em outros dois indicadores: o n\u00famero de horas pagas e a folha de pagamento real. O n\u00famero de horas pagas caiu 1,2% na compara\u00e7\u00e3o com junho deste ano, 7,2% em rela\u00e7\u00e3o a julho de 2014, 6% no acumulado do ano e 5,5% no acumulado de 12 meses.<\/p>\n<p>J\u00e1 a folha de pagamento real recuou 1,8% na compara\u00e7\u00e3o com junho deste ano, 7% em rela\u00e7\u00e3o a julho de 2014, 6,3% no acumulado do ano e 5% no acumulado de 12 meses.<\/p>\n<p>Vitor Abdala \u2013 Rep\u00f3rter da Ag\u00eancia Brasil<br \/>\nEdi\u00e7\u00e3o: Jos\u00e9 Romildo<\/p>\n","protected":false},"excerpt":{"rendered":"<p>A ind\u00fastria brasileira perdeu 0,7% de seus postos de trabalho de junho para julho deste ano, segundo a Pesquisa Industrial Mensal de Emprego e Sal\u00e1rio (Pimes), divulgada pelo Instituto Brasileiro de Geografia e Estat\u00edstica (IBGE). O total de pessoal ocupado na ind\u00fastria em julho deste ano \u00e9 6,4% inferior ao total de julho de 2014. [&hellip;]<\/p>\n","protected":false},"author":2,"featured_media":57585,"comment_status":"open","ping_status":"closed","sticky":false,"template":"","format":"standard","meta":{"_genesis_hide_title":false,"_genesis_hide_breadcrumbs":false,"_genesis_hide_singular_image":false,"_genesis_hide_footer_widgets":false,"_genesis_custom_body_class":"","_genesis_custom_post_class":"","_genesis_layout":"","_jetpack_memberships_contains_paid_content":false,"footnotes":""},"categories":[22,7],"tags":[],"class_list":{"0":"post-75340","1":"post","2":"type-post","3":"status-publish","4":"format-standard","5":"has-post-thumbnail","7":"category-brasil","8":"category-economia","9":"entry","10":"gs-1","11":"gs-odd","12":"gs-even","13":"gs-featured-content-entry"},"jetpack_featured_media_url":"https:\/\/www.redenoticia.com.br\/noticia\/imagens\/analise-economia.jpg","jetpack_sharing_enabled":true,"jetpack_likes_enabled":true,"_links":{"self":[{"href":"https:\/\/www.redenoticia.com.br\/noticia\/wp-json\/wp\/v2\/posts\/75340","targetHints":{"allow":["GET"]}}],"collection":[{"href":"https:\/\/www.redenoticia.com.br\/noticia\/wp-json\/wp\/v2\/posts"}],"about":[{"href":"https:\/\/www.redenoticia.com.br\/noticia\/wp-json\/wp\/v2\/types\/post"}],"author":[{"embeddable":true,"href":"https:\/\/www.redenoticia.com.br\/noticia\/wp-json\/wp\/v2\/users\/2"}],"replies":[{"embeddable":true,"href":"https:\/\/www.redenoticia.com.br\/noticia\/wp-json\/wp\/v2\/comments?post=75340"}],"version-history":[{"count":0,"href":"https:\/\/www.redenoticia.com.br\/noticia\/wp-json\/wp\/v2\/posts\/75340\/revisions"}],"wp:featuredmedia":[{"embeddable":true,"href":"https:\/\/www.redenoticia.com.br\/noticia\/wp-json\/wp\/v2\/media\/57585"}],"wp:attachment":[{"href":"https:\/\/www.redenoticia.com.br\/noticia\/wp-json\/wp\/v2\/media?parent=75340"}],"wp:term":[{"taxonomy":"category","embeddable":true,"href":"https:\/\/www.redenoticia.com.br\/noticia\/wp-json\/wp\/v2\/categories?post=75340"},{"taxonomy":"post_tag","embeddable":true,"href":"https:\/\/www.redenoticia.com.br\/noticia\/wp-json\/wp\/v2\/tags?post=75340"}],"curies":[{"name":"wp","href":"https:\/\/api.w.org\/{rel}","templated":true}]}}