{"id":75338,"date":"2015-09-18T19:51:06","date_gmt":"2015-09-18T22:51:06","guid":{"rendered":"http:\/\/www.redenoticia.com.br\/noticia\/?p=75338"},"modified":"2015-09-18T19:51:06","modified_gmt":"2015-09-18T22:51:06","slug":"cesta-basica-semanal-procon-sp-constata-alta-de-275","status":"publish","type":"post","link":"https:\/\/www.redenoticia.com.br\/noticia\/2015\/cesta-basica-semanal-procon-sp-constata-alta-de-275\/75338","title":{"rendered":"Cesta b\u00e1sica semanal: Procon-SP constata alta de 2,75%"},"content":{"rendered":"<p>O <em><strong>valor da cesta b\u00e1sica<\/strong><\/em> no munic\u00edpio de S\u00e3o Paulo registrou alta de 2,75% no per\u00edodo de 11 a 17 de setembro de 2015. O pre\u00e7o m\u00e9dio que no dia 10 era R$ 444,08 passou para R$ 456,30 no dia 17.<\/p>\n<p>Os dados s\u00e3o da pesquisa di\u00e1ria da Funda\u00e7\u00e3o Procon-SP, \u00f3rg\u00e3o vinculado \u00e0 Secretaria de Estado da Justi\u00e7a e da Defesa da Cidadania, em conv\u00eanio com o Dieese.<\/p>\n<p>Por grupo, foram constatadas as seguintes varia\u00e7\u00f5es:<br \/>\nAlimenta\u00e7\u00e3o = 3,29%<br \/>\nLimpeza = &#8211; 0,73%<br \/>\nHigiene Pessoal = 1,65%<\/p>\n<p>Os produtos que mais subiram foram:<br \/>\nBatata (kg) 34,37%<br \/>\nBiscoito maisena (pacote 200g) 7,28%<br \/>\nSalsicha avulsa (kg) 5,12%<br \/>\nOvos brancos (dz) 4,71%<br \/>\nFarinha de trigo (pacote 1 kg)4,58%<\/p>\n<p>As maiores quedas foram:<br \/>\nCebola (kg) -10,14%<br \/>\nSab\u00e3o em p\u00f3 (pacote 1 kg) -4,13%<br \/>\nAbsorvente aderente (pacote 10 unidades) -2,68%<br \/>\nAlho (kg) -2,61%<br \/>\nDetergente l\u00edquido (embalagem 500 ml)\u00a0-1,55%<\/p>\n<p>Dos 31 produtos pesquisados, na varia\u00e7\u00e3o semanal, 24 apresentaram alta e sete diminu\u00edram de pre\u00e7o.<br \/>\nPara ler a pesquisa completa, .<\/p>\n<p>Do Portal do Governo do Estado SP<\/p>\n","protected":false},"excerpt":{"rendered":"<p>O valor da cesta b\u00e1sica no munic\u00edpio de S\u00e3o Paulo registrou alta de 2,75% no per\u00edodo de 11 a 17 de setembro de 2015. O pre\u00e7o m\u00e9dio que no dia 10 era R$ 444,08 passou para R$ 456,30 no dia 17. Os dados s\u00e3o da pesquisa di\u00e1ria da Funda\u00e7\u00e3o Procon-SP, \u00f3rg\u00e3o vinculado \u00e0 Secretaria de [&hellip;]<\/p>\n","protected":false},"author":2,"featured_media":40517,"comment_status":"open","ping_status":"closed","sticky":false,"template":"","format":"standard","meta":{"_genesis_hide_title":false,"_genesis_hide_breadcrumbs":false,"_genesis_hide_singular_image":false,"_genesis_hide_footer_widgets":false,"_genesis_custom_body_class":"","_genesis_custom_post_class":"","_genesis_layout":"","_jetpack_memberships_contains_paid_content":false,"footnotes":""},"categories":[22,7],"tags":[],"class_list":{"0":"post-75338","1":"post","2":"type-post","3":"status-publish","4":"format-standard","5":"has-post-thumbnail","7":"category-brasil","8":"category-economia","9":"entry","10":"gs-1","11":"gs-odd","12":"gs-even","13":"gs-featured-content-entry"},"jetpack_featured_media_url":"https:\/\/www.redenoticia.com.br\/noticia\/imagens\/economia-previsao.jpg","jetpack_sharing_enabled":true,"jetpack_likes_enabled":true,"_links":{"self":[{"href":"https:\/\/www.redenoticia.com.br\/noticia\/wp-json\/wp\/v2\/posts\/75338","targetHints":{"allow":["GET"]}}],"collection":[{"href":"https:\/\/www.redenoticia.com.br\/noticia\/wp-json\/wp\/v2\/posts"}],"about":[{"href":"https:\/\/www.redenoticia.com.br\/noticia\/wp-json\/wp\/v2\/types\/post"}],"author":[{"embeddable":true,"href":"https:\/\/www.redenoticia.com.br\/noticia\/wp-json\/wp\/v2\/users\/2"}],"replies":[{"embeddable":true,"href":"https:\/\/www.redenoticia.com.br\/noticia\/wp-json\/wp\/v2\/comments?post=75338"}],"version-history":[{"count":0,"href":"https:\/\/www.redenoticia.com.br\/noticia\/wp-json\/wp\/v2\/posts\/75338\/revisions"}],"wp:featuredmedia":[{"embeddable":true,"href":"https:\/\/www.redenoticia.com.br\/noticia\/wp-json\/wp\/v2\/media\/40517"}],"wp:attachment":[{"href":"https:\/\/www.redenoticia.com.br\/noticia\/wp-json\/wp\/v2\/media?parent=75338"}],"wp:term":[{"taxonomy":"category","embeddable":true,"href":"https:\/\/www.redenoticia.com.br\/noticia\/wp-json\/wp\/v2\/categories?post=75338"},{"taxonomy":"post_tag","embeddable":true,"href":"https:\/\/www.redenoticia.com.br\/noticia\/wp-json\/wp\/v2\/tags?post=75338"}],"curies":[{"name":"wp","href":"https:\/\/api.w.org\/{rel}","templated":true}]}}