{"id":75285,"date":"2015-09-17T14:31:02","date_gmt":"2015-09-17T17:31:02","guid":{"rendered":"http:\/\/www.redenoticia.com.br\/noticia\/?p=75285"},"modified":"2015-09-17T14:31:02","modified_gmt":"2015-09-17T17:31:02","slug":"ocde-preve-recessao-de-28-na-economia-brasileira-em-2015","status":"publish","type":"post","link":"https:\/\/www.redenoticia.com.br\/noticia\/2015\/ocde-preve-recessao-de-28-na-economia-brasileira-em-2015\/75285","title":{"rendered":"OCDE prev\u00ea recess\u00e3o de 2,8% na economia brasileira em 2015"},"content":{"rendered":"<p> O Brasil deve ter uma <strong><em>retra\u00e7\u00e3o de 2,8% na economia<\/em><\/strong> em 2015, segundo novas previs\u00f5es da Organiza\u00e7\u00e3o para Coopera\u00e7\u00e3o e Desenvolvimento Econ\u00f4mico (OCDE), que reviu a estimativa feita em junho passado, de que a economia brasileira recuaria 0,8%.<\/p>\n<p>Para o ano que vem, a expectativa da OCDE tamb\u00e9m \u00e9 de uma piora do cen\u00e1rio econ\u00f4mico do pa\u00eds: a expectativa passou de uma alta de 1,1% para uma queda de 0,7%. Em 2014, o PIB brasileiro subiu apenas 0,1%.<\/p>\n<p>As previs\u00f5es da entidade s\u00e3o de redu\u00e7\u00e3o do crescimento mundial em 2015 e 2016. A OCDE aponta a desacelera\u00e7\u00e3o nas importa\u00e7\u00f5es da China como um dos fatores para os efeitos negativos nas economias emergentes que t\u00eam fortes liga\u00e7\u00f5es comerciais com o pa\u00eds asi\u00e1tico e s\u00e3o exportadoras de commodities. Pelas previs\u00f5es da organiza\u00e7\u00e3o, a China deve crescer 6,7% em 2015 e 6,5% em 2016.<\/p>\n<p>Mas al\u00e9m da recess\u00e3o no Brasil, a OCDE reviu para baixo o crescimento em pa\u00edses desenvolvidos como o Canad\u00e1, reduzindo de 1,5% para 1,1% suas estimativas. A baixa no pre\u00e7o do petr\u00f3leo, do carv\u00e3o e dos metais \u00e9 um dos fatores associados \u00e0 desacelera\u00e7\u00e3o da economia canadense.<\/p>\n<p>No caso dos pa\u00edses europeus, a organiza\u00e7\u00e3o considera que a retomada do crescimento \u00e9 \u201cdecepcionante\u201d e projeta um crescimento de 1,6% em 2015 e de 1,9% em 2016, para a regi\u00e3o. Jap\u00e3o tamb\u00e9m deve ter baixo desempenho, com uma previs\u00e3o de crescimento de 0,6% em 2015 e 1,2% em 2016.<\/p>\n<p>J\u00e1 os Estados Unidos devem consolidar as perspectivas de crescimento e devem chegar aos 2,4% em 2015 e a 2,6% em 2016, impulsionados pelo crescimento dos empregos e do consumo das fam\u00edlias.<\/p>\n<p>Nesse cen\u00e1rio, a OCDE projeta para a economia mundial um crescimento de 3,0% este ano, 0,1% a menos que previs\u00e3o anterior. Sediada em Paris, a organiza\u00e7\u00e3o re\u00fane 34 pa\u00edses detentores das economias mais ricas do mundo e \u00e9 sucessora da Organiza\u00e7\u00e3o para a Coopera\u00e7\u00e3o Econ\u00f4mica Europeia. O Brasil n\u00e3o faz parte da OCDE como pa\u00eds-membro, mas tem rela\u00e7\u00f5es de coopera\u00e7\u00e3o com a entidade.<\/p>\n<p>Iara Falc\u00e3o &#8211; Correspondente da Ag\u00eancia Brasil\/EBC<br \/>\nEdi\u00e7\u00e3o: Jorge Wamburg<\/p>\n","protected":false},"excerpt":{"rendered":"<p>O Brasil deve ter uma retra\u00e7\u00e3o de 2,8% na economia em 2015, segundo novas previs\u00f5es da Organiza\u00e7\u00e3o para Coopera\u00e7\u00e3o e Desenvolvimento Econ\u00f4mico (OCDE), que reviu a estimativa feita em junho passado, de que a economia brasileira recuaria 0,8%. Para o ano que vem, a expectativa da OCDE tamb\u00e9m \u00e9 de uma piora do cen\u00e1rio econ\u00f4mico [&hellip;]<\/p>\n","protected":false},"author":2,"featured_media":57583,"comment_status":"open","ping_status":"closed","sticky":false,"template":"","format":"standard","meta":{"_genesis_hide_title":false,"_genesis_hide_breadcrumbs":false,"_genesis_hide_singular_image":false,"_genesis_hide_footer_widgets":false,"_genesis_custom_body_class":"","_genesis_custom_post_class":"","_genesis_layout":"","_jetpack_memberships_contains_paid_content":false,"footnotes":""},"categories":[22,7],"tags":[],"class_list":{"0":"post-75285","1":"post","2":"type-post","3":"status-publish","4":"format-standard","5":"has-post-thumbnail","7":"category-brasil","8":"category-economia","9":"entry","10":"gs-1","11":"gs-odd","12":"gs-even","13":"gs-featured-content-entry"},"jetpack_featured_media_url":"https:\/\/www.redenoticia.com.br\/noticia\/imagens\/economia-grafico.jpg","jetpack_sharing_enabled":true,"jetpack_likes_enabled":true,"_links":{"self":[{"href":"https:\/\/www.redenoticia.com.br\/noticia\/wp-json\/wp\/v2\/posts\/75285","targetHints":{"allow":["GET"]}}],"collection":[{"href":"https:\/\/www.redenoticia.com.br\/noticia\/wp-json\/wp\/v2\/posts"}],"about":[{"href":"https:\/\/www.redenoticia.com.br\/noticia\/wp-json\/wp\/v2\/types\/post"}],"author":[{"embeddable":true,"href":"https:\/\/www.redenoticia.com.br\/noticia\/wp-json\/wp\/v2\/users\/2"}],"replies":[{"embeddable":true,"href":"https:\/\/www.redenoticia.com.br\/noticia\/wp-json\/wp\/v2\/comments?post=75285"}],"version-history":[{"count":0,"href":"https:\/\/www.redenoticia.com.br\/noticia\/wp-json\/wp\/v2\/posts\/75285\/revisions"}],"wp:featuredmedia":[{"embeddable":true,"href":"https:\/\/www.redenoticia.com.br\/noticia\/wp-json\/wp\/v2\/media\/57583"}],"wp:attachment":[{"href":"https:\/\/www.redenoticia.com.br\/noticia\/wp-json\/wp\/v2\/media?parent=75285"}],"wp:term":[{"taxonomy":"category","embeddable":true,"href":"https:\/\/www.redenoticia.com.br\/noticia\/wp-json\/wp\/v2\/categories?post=75285"},{"taxonomy":"post_tag","embeddable":true,"href":"https:\/\/www.redenoticia.com.br\/noticia\/wp-json\/wp\/v2\/tags?post=75285"}],"curies":[{"name":"wp","href":"https:\/\/api.w.org\/{rel}","templated":true}]}}