{"id":75283,"date":"2015-09-17T14:26:17","date_gmt":"2015-09-17T17:26:17","guid":{"rendered":"http:\/\/www.redenoticia.com.br\/noticia\/?p=75283"},"modified":"2015-09-17T14:26:17","modified_gmt":"2015-09-17T17:26:17","slug":"pib-do-agronegocio-recua-015-no-primeiro-semestre-diz-cna","status":"publish","type":"post","link":"https:\/\/www.redenoticia.com.br\/noticia\/2015\/pib-do-agronegocio-recua-015-no-primeiro-semestre-diz-cna\/75283","title":{"rendered":"PIB do agroneg\u00f3cio recua 0,15% no primeiro semestre, diz CNA"},"content":{"rendered":"<p> O <strong><em>Produto Interno Bruto (PIB) do agroneg\u00f3cio<\/em><\/strong> brasileiro caiu 0,15% no primeiro semestre deste ano em rela\u00e7\u00e3o a igual per\u00edodo de 2014 e somou R$ 1,225 trilh\u00e3o. S\u00e3o R$ 827,46 bilh\u00f5es (67,5%) referentes ao ramo agr\u00edcola e R$ 397,96 bilh\u00f5es (32,5%) do segmento pecu\u00e1rio. Enquanto a pecu\u00e1ria cresceu 0,53%, o setor agr\u00edcola teve queda de 0,47%.<\/p>\n<p>Os n\u00fameros constam de levantamento feito pelo Centro de Estudos Avan\u00e7ados em Economia Aplicada (Cepea) da Universidade de S\u00e3o Paulo (USP), divulgados pela Confedera\u00e7\u00e3o da Agricultura e Pecu\u00e1ria do Brasil (CNA).<\/p>\n<p>A an\u00e1lise t\u00e9cnica da Cepea ressalta que a deteriora\u00e7\u00e3o dos pre\u00e7os agr\u00edcolas no ano, no mercado externo, contribuiu de forma decisiva para o desempenho negativo da agricultura, uma vez que a produ\u00e7\u00e3o da safra 2014\/2015 cresceu 8,2%, de acordo com a Companhia Nacional de Abastecimento (Conab).<\/p>\n<p>Na pecu\u00e1ria, o bom desempenho das exporta\u00e7\u00f5es de carne bovina puxou as cota\u00e7\u00f5es no mercado interno, explicando o vi\u00e9s de alta no per\u00edodo analisado. Tamb\u00e9m tiveram bom desempenho as vendas de carne su\u00edna, ovos e produtos l\u00e1cteos.<\/p>\n<p>A an\u00e1lise do Cepea\/CNA destaca, por\u00e9m, as incertezas sobre o desempenho do agroneg\u00f3cio no decorrer deste ano, por causa da queda de pre\u00e7os das principais commodities (produtos b\u00e1sicos com cota\u00e7\u00e3o internacional) agropecu\u00e1rias, especialmente, soja e milho.<\/p>\n<p>St\u00eanio Ribeiro \u2013 Rep\u00f3rter da Ag\u00eancia Brasil<br \/>\nEdi\u00e7\u00e3o: N\u00e1dia Franco<\/p>\n","protected":false},"excerpt":{"rendered":"<p>O Produto Interno Bruto (PIB) do agroneg\u00f3cio brasileiro caiu 0,15% no primeiro semestre deste ano em rela\u00e7\u00e3o a igual per\u00edodo de 2014 e somou R$ 1,225 trilh\u00e3o. S\u00e3o R$ 827,46 bilh\u00f5es (67,5%) referentes ao ramo agr\u00edcola e R$ 397,96 bilh\u00f5es (32,5%) do segmento pecu\u00e1rio. Enquanto a pecu\u00e1ria cresceu 0,53%, o setor agr\u00edcola teve queda de [&hellip;]<\/p>\n","protected":false},"author":2,"featured_media":38938,"comment_status":"open","ping_status":"closed","sticky":false,"template":"","format":"standard","meta":{"_genesis_hide_title":false,"_genesis_hide_breadcrumbs":false,"_genesis_hide_singular_image":false,"_genesis_hide_footer_widgets":false,"_genesis_custom_body_class":"","_genesis_custom_post_class":"","_genesis_layout":"","_jetpack_memberships_contains_paid_content":false,"footnotes":""},"categories":[22,7],"tags":[],"class_list":{"0":"post-75283","1":"post","2":"type-post","3":"status-publish","4":"format-standard","5":"has-post-thumbnail","7":"category-brasil","8":"category-economia","9":"entry","10":"gs-1","11":"gs-odd","12":"gs-even","13":"gs-featured-content-entry"},"jetpack_featured_media_url":"https:\/\/www.redenoticia.com.br\/noticia\/imagens\/economia1.jpg","jetpack_sharing_enabled":true,"jetpack_likes_enabled":true,"_links":{"self":[{"href":"https:\/\/www.redenoticia.com.br\/noticia\/wp-json\/wp\/v2\/posts\/75283","targetHints":{"allow":["GET"]}}],"collection":[{"href":"https:\/\/www.redenoticia.com.br\/noticia\/wp-json\/wp\/v2\/posts"}],"about":[{"href":"https:\/\/www.redenoticia.com.br\/noticia\/wp-json\/wp\/v2\/types\/post"}],"author":[{"embeddable":true,"href":"https:\/\/www.redenoticia.com.br\/noticia\/wp-json\/wp\/v2\/users\/2"}],"replies":[{"embeddable":true,"href":"https:\/\/www.redenoticia.com.br\/noticia\/wp-json\/wp\/v2\/comments?post=75283"}],"version-history":[{"count":0,"href":"https:\/\/www.redenoticia.com.br\/noticia\/wp-json\/wp\/v2\/posts\/75283\/revisions"}],"wp:featuredmedia":[{"embeddable":true,"href":"https:\/\/www.redenoticia.com.br\/noticia\/wp-json\/wp\/v2\/media\/38938"}],"wp:attachment":[{"href":"https:\/\/www.redenoticia.com.br\/noticia\/wp-json\/wp\/v2\/media?parent=75283"}],"wp:term":[{"taxonomy":"category","embeddable":true,"href":"https:\/\/www.redenoticia.com.br\/noticia\/wp-json\/wp\/v2\/categories?post=75283"},{"taxonomy":"post_tag","embeddable":true,"href":"https:\/\/www.redenoticia.com.br\/noticia\/wp-json\/wp\/v2\/tags?post=75283"}],"curies":[{"name":"wp","href":"https:\/\/api.w.org\/{rel}","templated":true}]}}